{"id":2865,"date":"2008-01-25T01:00:00","date_gmt":"2008-01-25T00:00:00","guid":{"rendered":"http:\/\/www.musicadeon.com\/index.php\/2008\/01\/25\/tete-a-tete-avec-francois-a-radio-musicadeon-lesves-belgium\/"},"modified":"2008-01-25T01:00:00","modified_gmt":"2008-01-25T00:00:00","slug":"tete-a-tete-avec-francois-a-radio-musicadeon-lesves-belgium","status":"publish","type":"post","link":"http:\/\/www.musicadeon.com\/index.php\/2008\/01\/25\/tete-a-tete-avec-francois-a-radio-musicadeon-lesves-belgium\/","title":{"rendered":"T\u00eate-\u00e0-t\u00eate avec \u00a0\u00bbFRANCOIS \u00a0\u00bb \u00e0 Radio Musicad\u00e9on Lesves (Belgium)"},"content":{"rendered":"<p><P align=center><IMG src=\"\/A\/N\/D\/francois20080125amel1musicadeon.jpg\"> <\/P><P align=center><b><i><FONT color=#330066 size=4>Bonsoir Fran&ccedil;ois. Nous sommes ravi de t&rsquo;acceuillir en nos locaux.<\/FONT><\/i><\/b><\/P><P align=center><b><i><IMG src=\"\/A\/N\/D\/francois20080125amel2musicadeon.jpg\"><\/i><\/b> <\/P><P align=center><b><i><FONT color=#330066 size=4>Merci Michel, je suis tr\u00e8s heureux d&rsquo;\u00eatre parmi vous.<\/FONT><\/i><\/b> <\/P><P align=center><IMG src=\"\/A\/N\/D\/francois20080125amel3musicadeon.jpg\"> <\/P><P align=center><FONT color=#330066 size=4><b><i>Fran&ccedil;ois, je te souhaite bon vent et mer&ccedil;i d&rsquo;\u00eatre venu avec une belle surprise. Je voulais parler de Lisette!!!<\/i><\/b><\/FONT><\/P><P align=center><IMG src=\"\/A\/N\/D\/francois20080125amel4musicadeon.jpg\"> <\/P><P align=center><a href=\"http:\/\/francoisamel.skynetblogs.be\/\" target=_new rel=\"noopener noreferrer\"><b><FONT size=5>http:\/\/francoisamel.skynetblogs.be\/<\/FONT><\/b><\/A><\/P><\/p>\n","protected":false},"excerpt":{"rendered":"<p>Bonsoir Fran&ccedil;ois. Nous sommes ravi de t&rsquo;acceuillir en nos locaux. Merci Michel, je suis tr\u00e8s heureux d&rsquo;\u00eatre parmi vous. Fran&ccedil;ois, je te souhaite bon vent&#8230;<\/p>\n","protected":false},"author":1,"featured_media":0,"comment_status":"closed","ping_status":"open","sticky":false,"template":"","format":"standard","meta":[],"categories":[3],"tags":[5],"_links":{"self":[{"href":"http:\/\/www.musicadeon.com\/index.php\/wp-json\/wp\/v2\/posts\/2865"}],"collection":[{"href":"http:\/\/www.musicadeon.com\/index.php\/wp-json\/wp\/v2\/posts"}],"about":[{"href":"http:\/\/www.musicadeon.com\/index.php\/wp-json\/wp\/v2\/types\/post"}],"author":[{"embeddable":true,"href":"http:\/\/www.musicadeon.com\/index.php\/wp-json\/wp\/v2\/users\/1"}],"replies":[{"embeddable":true,"href":"http:\/\/www.musicadeon.com\/index.php\/wp-json\/wp\/v2\/comments?post=2865"}],"version-history":[{"count":0,"href":"http:\/\/www.musicadeon.com\/index.php\/wp-json\/wp\/v2\/posts\/2865\/revisions"}],"wp:attachment":[{"href":"http:\/\/www.musicadeon.com\/index.php\/wp-json\/wp\/v2\/media?parent=2865"}],"wp:term":[{"taxonomy":"category","embeddable":true,"href":"http:\/\/www.musicadeon.com\/index.php\/wp-json\/wp\/v2\/categories?post=2865"},{"taxonomy":"post_tag","embeddable":true,"href":"http:\/\/www.musicadeon.com\/index.php\/wp-json\/wp\/v2\/tags?post=2865"}],"curies":[{"name":"wp","href":"https:\/\/api.w.org\/{rel}","templated":true}]}}