{"id":2868,"date":"2013-02-04T01:00:00","date_gmt":"2013-02-04T00:00:00","guid":{"rendered":"http:\/\/www.musicadeon.com\/index.php\/2013\/02\/04\/a-vos-agendas-02-06-2013\/"},"modified":"2013-02-04T01:00:00","modified_gmt":"2013-02-04T00:00:00","slug":"a-vos-agendas-02-06-2013","status":"publish","type":"post","link":"http:\/\/www.musicadeon.com\/index.php\/2013\/02\/04\/a-vos-agendas-02-06-2013\/","title":{"rendered":"\u00c0 vos agendas (02-06-2013)"},"content":{"rendered":"<p>Le dimanche 2 juin 2013 d\u00e9s 13h00 \u00e0 Lafor\u00eat (Belgique) retrouvez la princesse de l&rsquo;accord\u00e9on <a href=\"http:\/\/www.erika.be\" target=\"_blank\" rel=\"noopener noreferrer\">Erika<\/a> &#038; Jean-Marie pour une animation musicale Info: 0032(0)475.205.804<\/p>\n","protected":false},"excerpt":{"rendered":"<p>Le dimanche 2 juin 2013 d\u00e9s 13h00 \u00e0 Lafor\u00eat (Belgique) retrouvez la princesse de l&rsquo;accord\u00e9on Erika &#038; Jean-Marie pour une animation musicale Info: 0032(0)475.205.804<\/p>\n","protected":false},"author":1,"featured_media":0,"comment_status":"closed","ping_status":"open","sticky":false,"template":"","format":"standard","meta":[],"categories":[1],"tags":[],"_links":{"self":[{"href":"http:\/\/www.musicadeon.com\/index.php\/wp-json\/wp\/v2\/posts\/2868"}],"collection":[{"href":"http:\/\/www.musicadeon.com\/index.php\/wp-json\/wp\/v2\/posts"}],"about":[{"href":"http:\/\/www.musicadeon.com\/index.php\/wp-json\/wp\/v2\/types\/post"}],"author":[{"embeddable":true,"href":"http:\/\/www.musicadeon.com\/index.php\/wp-json\/wp\/v2\/users\/1"}],"replies":[{"embeddable":true,"href":"http:\/\/www.musicadeon.com\/index.php\/wp-json\/wp\/v2\/comments?post=2868"}],"version-history":[{"count":0,"href":"http:\/\/www.musicadeon.com\/index.php\/wp-json\/wp\/v2\/posts\/2868\/revisions"}],"wp:attachment":[{"href":"http:\/\/www.musicadeon.com\/index.php\/wp-json\/wp\/v2\/media?parent=2868"}],"wp:term":[{"taxonomy":"category","embeddable":true,"href":"http:\/\/www.musicadeon.com\/index.php\/wp-json\/wp\/v2\/categories?post=2868"},{"taxonomy":"post_tag","embeddable":true,"href":"http:\/\/www.musicadeon.com\/index.php\/wp-json\/wp\/v2\/tags?post=2868"}],"curies":[{"name":"wp","href":"https:\/\/api.w.org\/{rel}","templated":true}]}}