{"id":2893,"date":"2008-03-07T01:00:00","date_gmt":"2008-03-07T00:00:00","guid":{"rendered":"http:\/\/www.musicadeon.com\/index.php\/2008\/03\/07\/20-eme-festival-du-cinema-belge-a-moustier-belgique\/"},"modified":"2008-03-07T01:00:00","modified_gmt":"2008-03-07T00:00:00","slug":"20-eme-festival-du-cinema-belge-a-moustier-belgique","status":"publish","type":"post","link":"http:\/\/www.musicadeon.com\/index.php\/2008\/03\/07\/20-eme-festival-du-cinema-belge-a-moustier-belgique\/","title":{"rendered":"20 \u00e8me FESTIVAL DU CINEMA BELGE \u00e0 Moustier (Belgique)"},"content":{"rendered":"<p><P align=center><IMG src=\"\/A\/N\/D\/20festival1cinema20080305belge1moustier1sptja.jpg\"> <\/P><P align=center><IMG src=\"\/A\/N\/D\/20festival1cinema20080305belge1moustier06sptja.jpg\"> <\/P><P align=center><b><i><FONT color=#000033 size=4>La salle est compl\u00e8te et le public attend les \u00ab\u00a0VIPs\u00a0\u00bb.<\/FONT><\/i><\/b><\/P><P align=center><\/P><P align=center><\/P><P align=center><IMG src=\"\/A\/N\/D\/20festival1cinema20080305belge1moustier07sptja.jpg\"> <\/P><P align=center><FONT color=#000033 size=4><b><i>Petit interview sur sc\u00e8ne de la princesse de l&rsquo;accord\u00e9on ERIKA.<\/i><\/b><\/FONT><\/P><P align=center><IMG src=\"\/A\/N\/D\/20festival1cinema20080305belge1moustier08sptja.jpg\"><\/P><P align=center><FONT color=#000033 size=4><b><i>Beno\u00eet Mariage pr\u00e9sente son dernier film au public du festival .<\/i><\/b><\/FONT> <\/P><P align=center><IMG src=\"\/A\/N\/D\/20festival1cinema20080305belge1moustier09sptja.jpg\"> <\/P><P align=center><IMG src=\"\/A\/N\/D\/20festival1cinema20080305belge1moustier010sptja.jpg\"> <\/P><P align=center><FONT color=#000033 size=4><b><i>Complicit\u00e9&#8230;? Apr\u00e8s 20 ans Beno\u00eet retrouve Erika. Quel bonheur!<\/i><\/b><\/FONT><\/P><P align=center><IMG src=\"\/A\/N\/D\/20festival1cinema20080305belge1moustier011sptja.jpg\"> <\/P><\/p>\n","protected":false},"excerpt":{"rendered":"<p>La salle est compl\u00e8te et le public attend les \u00ab\u00a0VIPs\u00a0\u00bb. Petit interview sur sc\u00e8ne de la princesse de l&rsquo;accord\u00e9on ERIKA.Beno\u00eet Mariage pr\u00e9sente son dernier film&#8230;<\/p>\n","protected":false},"author":1,"featured_media":0,"comment_status":"closed","ping_status":"open","sticky":false,"template":"","format":"standard","meta":[],"categories":[3],"tags":[5],"_links":{"self":[{"href":"http:\/\/www.musicadeon.com\/index.php\/wp-json\/wp\/v2\/posts\/2893"}],"collection":[{"href":"http:\/\/www.musicadeon.com\/index.php\/wp-json\/wp\/v2\/posts"}],"about":[{"href":"http:\/\/www.musicadeon.com\/index.php\/wp-json\/wp\/v2\/types\/post"}],"author":[{"embeddable":true,"href":"http:\/\/www.musicadeon.com\/index.php\/wp-json\/wp\/v2\/users\/1"}],"replies":[{"embeddable":true,"href":"http:\/\/www.musicadeon.com\/index.php\/wp-json\/wp\/v2\/comments?post=2893"}],"version-history":[{"count":0,"href":"http:\/\/www.musicadeon.com\/index.php\/wp-json\/wp\/v2\/posts\/2893\/revisions"}],"wp:attachment":[{"href":"http:\/\/www.musicadeon.com\/index.php\/wp-json\/wp\/v2\/media?parent=2893"}],"wp:term":[{"taxonomy":"category","embeddable":true,"href":"http:\/\/www.musicadeon.com\/index.php\/wp-json\/wp\/v2\/categories?post=2893"},{"taxonomy":"post_tag","embeddable":true,"href":"http:\/\/www.musicadeon.com\/index.php\/wp-json\/wp\/v2\/tags?post=2893"}],"curies":[{"name":"wp","href":"https:\/\/api.w.org\/{rel}","templated":true}]}}