{"id":2926,"date":"2008-06-15T02:00:00","date_gmt":"2008-06-15T00:00:00","guid":{"rendered":"http:\/\/www.musicadeon.com\/index.php\/2008\/06\/15\/assemblee-general-de-la-cagnotte-de-lasbl-s-p-t-j-a\/"},"modified":"2008-06-15T02:00:00","modified_gmt":"2008-06-15T00:00:00","slug":"assemblee-general-de-la-cagnotte-de-lasbl-s-p-t-j-a","status":"publish","type":"post","link":"http:\/\/www.musicadeon.com\/index.php\/2008\/06\/15\/assemblee-general-de-la-cagnotte-de-lasbl-s-p-t-j-a\/","title":{"rendered":"Assembl\u00e9e g\u00e9n\u00e9ral de la cagnotte de l&rsquo;Asbl S.P.T.J.A."},"content":{"rendered":"<p><P align=center><IMG src=\"\/A\/N\/D\/cagnotte20080615sptja1.jpg\"> <\/P><P align=center><IMG src=\"\/A\/N\/D\/cagnotte20080615sptja2.jpg\"> <\/P><P align=center><IMG src=\"\/A\/N\/D\/cagnotte20080615sptja3.jpg\"> <\/P><P align=center><IMG src=\"\/A\/N\/D\/cagnotte20080615sptja4.jpg\"> <\/P><P align=center><IMG src=\"\/A\/N\/D\/cagnotte20080615sptja5.jpg\"> <\/P><P align=center><IMG src=\"\/A\/N\/D\/cagnotte20080615sptja6.jpg\"> <\/P><\/p>\n","protected":false},"excerpt":{"rendered":"","protected":false},"author":1,"featured_media":0,"comment_status":"closed","ping_status":"open","sticky":false,"template":"","format":"standard","meta":[],"categories":[3],"tags":[5],"_links":{"self":[{"href":"http:\/\/www.musicadeon.com\/index.php\/wp-json\/wp\/v2\/posts\/2926"}],"collection":[{"href":"http:\/\/www.musicadeon.com\/index.php\/wp-json\/wp\/v2\/posts"}],"about":[{"href":"http:\/\/www.musicadeon.com\/index.php\/wp-json\/wp\/v2\/types\/post"}],"author":[{"embeddable":true,"href":"http:\/\/www.musicadeon.com\/index.php\/wp-json\/wp\/v2\/users\/1"}],"replies":[{"embeddable":true,"href":"http:\/\/www.musicadeon.com\/index.php\/wp-json\/wp\/v2\/comments?post=2926"}],"version-history":[{"count":0,"href":"http:\/\/www.musicadeon.com\/index.php\/wp-json\/wp\/v2\/posts\/2926\/revisions"}],"wp:attachment":[{"href":"http:\/\/www.musicadeon.com\/index.php\/wp-json\/wp\/v2\/media?parent=2926"}],"wp:term":[{"taxonomy":"category","embeddable":true,"href":"http:\/\/www.musicadeon.com\/index.php\/wp-json\/wp\/v2\/categories?post=2926"},{"taxonomy":"post_tag","embeddable":true,"href":"http:\/\/www.musicadeon.com\/index.php\/wp-json\/wp\/v2\/tags?post=2926"}],"curies":[{"name":"wp","href":"https:\/\/api.w.org\/{rel}","templated":true}]}}