{"id":2945,"date":"2008-09-15T02:00:00","date_gmt":"2008-09-15T00:00:00","guid":{"rendered":"http:\/\/www.musicadeon.com\/index.php\/2008\/09\/15\/festival-de-laccordeon-a-flere-la-riviere-france\/"},"modified":"2008-09-15T02:00:00","modified_gmt":"2008-09-15T00:00:00","slug":"festival-de-laccordeon-a-flere-la-riviere-france","status":"publish","type":"post","link":"http:\/\/www.musicadeon.com\/index.php\/2008\/09\/15\/festival-de-laccordeon-a-flere-la-riviere-france\/","title":{"rendered":"Festival de l&rsquo;accord\u00e9on \u00e0 Fl\u00e9r\u00e9 la rivi\u00e8re (France)"},"content":{"rendered":"<p><P align=center><IMG src=\"\/A\/N\/D\/flerelariviere20080823sptja1festival.jpg\"> <\/P><\/p>\n","protected":false},"excerpt":{"rendered":"","protected":false},"author":1,"featured_media":0,"comment_status":"closed","ping_status":"open","sticky":false,"template":"","format":"standard","meta":[],"categories":[3],"tags":[5],"_links":{"self":[{"href":"http:\/\/www.musicadeon.com\/index.php\/wp-json\/wp\/v2\/posts\/2945"}],"collection":[{"href":"http:\/\/www.musicadeon.com\/index.php\/wp-json\/wp\/v2\/posts"}],"about":[{"href":"http:\/\/www.musicadeon.com\/index.php\/wp-json\/wp\/v2\/types\/post"}],"author":[{"embeddable":true,"href":"http:\/\/www.musicadeon.com\/index.php\/wp-json\/wp\/v2\/users\/1"}],"replies":[{"embeddable":true,"href":"http:\/\/www.musicadeon.com\/index.php\/wp-json\/wp\/v2\/comments?post=2945"}],"version-history":[{"count":0,"href":"http:\/\/www.musicadeon.com\/index.php\/wp-json\/wp\/v2\/posts\/2945\/revisions"}],"wp:attachment":[{"href":"http:\/\/www.musicadeon.com\/index.php\/wp-json\/wp\/v2\/media?parent=2945"}],"wp:term":[{"taxonomy":"category","embeddable":true,"href":"http:\/\/www.musicadeon.com\/index.php\/wp-json\/wp\/v2\/categories?post=2945"},{"taxonomy":"post_tag","embeddable":true,"href":"http:\/\/www.musicadeon.com\/index.php\/wp-json\/wp\/v2\/tags?post=2945"}],"curies":[{"name":"wp","href":"https:\/\/api.w.org\/{rel}","templated":true}]}}