{"id":2978,"date":"2008-10-27T01:00:00","date_gmt":"2008-10-27T00:00:00","guid":{"rendered":"http:\/\/www.musicadeon.com\/index.php\/2008\/10\/27\/a-vos-agendas-07-02-2009-2\/"},"modified":"2008-10-27T01:00:00","modified_gmt":"2008-10-27T00:00:00","slug":"a-vos-agendas-07-02-2009-2","status":"publish","type":"post","link":"http:\/\/www.musicadeon.com\/index.php\/2008\/10\/27\/a-vos-agendas-07-02-2009-2\/","title":{"rendered":"\u00c0 vos agendas (07-02-2009)"},"content":{"rendered":"<p>Radio Musicad\u00e9on f\u00eate son 2\u00e8me Anniversaire les 7 &#038; 8 f\u00e9vrier 2009 au \u00ab\u00a0CENTRE CULTUREL\u00a0\u00bb de Profondeville (Belgium)Info: 0032(0)475\/20.58.04.<\/p>\n","protected":false},"excerpt":{"rendered":"<p>Radio Musicad\u00e9on f\u00eate son 2\u00e8me Anniversaire les 7 &#038; 8 f\u00e9vrier 2009 au \u00ab\u00a0CENTRE CULTUREL\u00a0\u00bb de Profondeville (Belgium)Info: 0032(0)475\/20.58.04.<\/p>\n","protected":false},"author":1,"featured_media":0,"comment_status":"closed","ping_status":"open","sticky":false,"template":"","format":"standard","meta":[],"categories":[1],"tags":[],"_links":{"self":[{"href":"http:\/\/www.musicadeon.com\/index.php\/wp-json\/wp\/v2\/posts\/2978"}],"collection":[{"href":"http:\/\/www.musicadeon.com\/index.php\/wp-json\/wp\/v2\/posts"}],"about":[{"href":"http:\/\/www.musicadeon.com\/index.php\/wp-json\/wp\/v2\/types\/post"}],"author":[{"embeddable":true,"href":"http:\/\/www.musicadeon.com\/index.php\/wp-json\/wp\/v2\/users\/1"}],"replies":[{"embeddable":true,"href":"http:\/\/www.musicadeon.com\/index.php\/wp-json\/wp\/v2\/comments?post=2978"}],"version-history":[{"count":0,"href":"http:\/\/www.musicadeon.com\/index.php\/wp-json\/wp\/v2\/posts\/2978\/revisions"}],"wp:attachment":[{"href":"http:\/\/www.musicadeon.com\/index.php\/wp-json\/wp\/v2\/media?parent=2978"}],"wp:term":[{"taxonomy":"category","embeddable":true,"href":"http:\/\/www.musicadeon.com\/index.php\/wp-json\/wp\/v2\/categories?post=2978"},{"taxonomy":"post_tag","embeddable":true,"href":"http:\/\/www.musicadeon.com\/index.php\/wp-json\/wp\/v2\/tags?post=2978"}],"curies":[{"name":"wp","href":"https:\/\/api.w.org\/{rel}","templated":true}]}}