{"id":2981,"date":"2008-11-01T01:00:00","date_gmt":"2008-11-01T00:00:00","guid":{"rendered":"http:\/\/www.musicadeon.com\/index.php\/2008\/11\/01\/tete-a-tete-avec-laccordeoniste-claude-caron-a-radio-musicadeon-lesves-belgium\/"},"modified":"2008-11-01T01:00:00","modified_gmt":"2008-11-01T00:00:00","slug":"tete-a-tete-avec-laccordeoniste-claude-caron-a-radio-musicadeon-lesves-belgium","status":"publish","type":"post","link":"http:\/\/www.musicadeon.com\/index.php\/2008\/11\/01\/tete-a-tete-avec-laccordeoniste-claude-caron-a-radio-musicadeon-lesves-belgium\/","title":{"rendered":"T\u00eate-\u00e0-t\u00eate avec l&rsquo;accord\u00e9oniste \u00a0\u00bbCLAUDE CARON \u00a0\u00bb \u00e0 Radio Musicad\u00e9on Lesves (Belgium)"},"content":{"rendered":"<p><P align=center><IMG src=\"\/A\/N\/D\/claude20081031caron1musicadeon.jpg\"> <\/P><P align=center>Bonjour Claude, bienvenue \u00e0 toi de Radio Musicad\u00e9on.<\/P><P align=center><IMG src=\"\/A\/N\/D\/claude20081031caron2musicadeon.jpg\"> <\/P><P align=center>Bonsoir Michel et Erika, je suis tr\u00e8s heureux de vous pr\u00e9senter mon album d&rsquo;accord\u00e9on les \u00ab\u00a0Ch&#8217;tis\u00a0\u00bb.<\/P><P align=center><IMG src=\"\/A\/N\/D\/claude20081031caron3musicadeon.jpg\"> <\/P><P align=center>Pourquoi as- tu pris ton parapluie. Ben tout simplement pour me prot\u00e9ger de la pluie, hein biloute!<\/P><P align=center><IMG src=\"\/A\/N\/D\/claude20081031caron4musicadeon.jpg\"> <\/P><P align=center>Attention, tu vas grossir humm! C&rsquo;est trop bon une frite belge une fois.<\/P><P align=center><IMG src=\"\/A\/N\/D\/claude20081031caron5musicadeon.jpg\"> <\/P><P align=center><IMG src=\"\/A\/N\/D\/claude20081031caron6musicadeon.jpg\"> <\/P><P align=center>Allez \u00e0 ta sant\u00e9 hein Biloute.<\/P><P align=center><a href=\"http:\/\/www.orchestreclaudecaron.com\/\" target=_new rel=\"noopener noreferrer\"><B><FONT size=5>http:\/\/www.orchestreclaudecaron.com\/<\/FONT><\/B><\/A><\/P><P align=center><IMG src=\"\/A\/N\/D\/claude20081031caron7musicadeon.jpg\"> <\/P><P align=center>Et pour la route une petite blague en ch&#8217;tis et merci du bon accueil et \u00e0 bient\u00f4t les biloutes.<\/P><\/p>\n","protected":false},"excerpt":{"rendered":"<p>Bonjour Claude, bienvenue \u00e0 toi de Radio Musicad\u00e9on. Bonsoir Michel et Erika, je suis tr\u00e8s heureux de vous pr\u00e9senter mon album d&rsquo;accord\u00e9on les \u00ab\u00a0Ch&#8217;tis\u00a0\u00bb. Pourquoi&#8230;<\/p>\n","protected":false},"author":1,"featured_media":0,"comment_status":"closed","ping_status":"open","sticky":false,"template":"","format":"standard","meta":[],"categories":[3],"tags":[5],"_links":{"self":[{"href":"http:\/\/www.musicadeon.com\/index.php\/wp-json\/wp\/v2\/posts\/2981"}],"collection":[{"href":"http:\/\/www.musicadeon.com\/index.php\/wp-json\/wp\/v2\/posts"}],"about":[{"href":"http:\/\/www.musicadeon.com\/index.php\/wp-json\/wp\/v2\/types\/post"}],"author":[{"embeddable":true,"href":"http:\/\/www.musicadeon.com\/index.php\/wp-json\/wp\/v2\/users\/1"}],"replies":[{"embeddable":true,"href":"http:\/\/www.musicadeon.com\/index.php\/wp-json\/wp\/v2\/comments?post=2981"}],"version-history":[{"count":0,"href":"http:\/\/www.musicadeon.com\/index.php\/wp-json\/wp\/v2\/posts\/2981\/revisions"}],"wp:attachment":[{"href":"http:\/\/www.musicadeon.com\/index.php\/wp-json\/wp\/v2\/media?parent=2981"}],"wp:term":[{"taxonomy":"category","embeddable":true,"href":"http:\/\/www.musicadeon.com\/index.php\/wp-json\/wp\/v2\/categories?post=2981"},{"taxonomy":"post_tag","embeddable":true,"href":"http:\/\/www.musicadeon.com\/index.php\/wp-json\/wp\/v2\/tags?post=2981"}],"curies":[{"name":"wp","href":"https:\/\/api.w.org\/{rel}","templated":true}]}}