{"id":3016,"date":"2009-01-21T01:00:00","date_gmt":"2009-01-21T00:00:00","guid":{"rendered":"http:\/\/www.musicadeon.com\/index.php\/2009\/01\/21\/a-vos-agendas-07-02-2009-3\/"},"modified":"2009-01-21T01:00:00","modified_gmt":"2009-01-21T00:00:00","slug":"a-vos-agendas-07-02-2009-3","status":"publish","type":"post","link":"http:\/\/www.musicadeon.com\/index.php\/2009\/01\/21\/a-vos-agendas-07-02-2009-3\/","title":{"rendered":"\u00c0 vos agendas (07-02-2009)"},"content":{"rendered":"<p>6\u00e8me GRAND GALA D\u2019ACCORDEONet diner dansantESPACE COUBERTINGoussainvilleSamedi 7 F\u00e9vrier 2009 \u00e0 19 heuresTous les Artistes seront accompagn\u00e9s parl\u2019Orchestre de Jean-Marc TORCHYet pr\u00e9sent\u00e9s par AliciaR\u00e9servations 01.39.94.60.47 <\/p>\n","protected":false},"excerpt":{"rendered":"<p>6\u00e8me GRAND GALA D\u2019ACCORDEONet diner dansantESPACE COUBERTINGoussainvilleSamedi 7 F\u00e9vrier 2009 \u00e0 19 heuresTous les Artistes seront accompagn\u00e9s parl\u2019Orchestre de Jean-Marc TORCHYet pr\u00e9sent\u00e9s par AliciaR\u00e9servations 01.39.94.60.47<\/p>\n","protected":false},"author":1,"featured_media":0,"comment_status":"closed","ping_status":"open","sticky":false,"template":"","format":"standard","meta":[],"categories":[1],"tags":[],"_links":{"self":[{"href":"http:\/\/www.musicadeon.com\/index.php\/wp-json\/wp\/v2\/posts\/3016"}],"collection":[{"href":"http:\/\/www.musicadeon.com\/index.php\/wp-json\/wp\/v2\/posts"}],"about":[{"href":"http:\/\/www.musicadeon.com\/index.php\/wp-json\/wp\/v2\/types\/post"}],"author":[{"embeddable":true,"href":"http:\/\/www.musicadeon.com\/index.php\/wp-json\/wp\/v2\/users\/1"}],"replies":[{"embeddable":true,"href":"http:\/\/www.musicadeon.com\/index.php\/wp-json\/wp\/v2\/comments?post=3016"}],"version-history":[{"count":0,"href":"http:\/\/www.musicadeon.com\/index.php\/wp-json\/wp\/v2\/posts\/3016\/revisions"}],"wp:attachment":[{"href":"http:\/\/www.musicadeon.com\/index.php\/wp-json\/wp\/v2\/media?parent=3016"}],"wp:term":[{"taxonomy":"category","embeddable":true,"href":"http:\/\/www.musicadeon.com\/index.php\/wp-json\/wp\/v2\/categories?post=3016"},{"taxonomy":"post_tag","embeddable":true,"href":"http:\/\/www.musicadeon.com\/index.php\/wp-json\/wp\/v2\/tags?post=3016"}],"curies":[{"name":"wp","href":"https:\/\/api.w.org\/{rel}","templated":true}]}}