{"id":3069,"date":"2009-04-08T02:00:00","date_gmt":"2009-04-08T00:00:00","guid":{"rendered":"http:\/\/www.musicadeon.com\/index.php\/2009\/04\/08\/drole-di-quent-au-grognon-par-les-djones-tchats-de-vodecee-belgique\/"},"modified":"2009-04-08T02:00:00","modified_gmt":"2009-04-08T00:00:00","slug":"drole-di-quent-au-grognon-par-les-djones-tchats-de-vodecee-belgique","status":"publish","type":"post","link":"http:\/\/www.musicadeon.com\/index.php\/2009\/04\/08\/drole-di-quent-au-grognon-par-les-djones-tchats-de-vodecee-belgique\/","title":{"rendered":"\u00ab&nbsp;Dr\u00f4le di qu\u00e9nt au Grognon&nbsp;\u00bb par les D\u2019jones tchats de Vodec\u00e9e (Belgique)"},"content":{"rendered":"<p><P style=\"BACKGROUND:#003366;MARGIN:0cm 0cm 0pt\"><SPAN lang=FR style=\"font-family:'Trebuchet MS';\"><b><I><SPAN lang=FR style=\"FONT-SIZE:5pt;COLOR:maroon;FONT-FAMILY:'Berlin Sans FB Demi';\"><\/SPAN><\/I><\/P><\/b><\/SPAN><P style=\"margin:0cm 0cm 0pt;TEXT-ALIGN:justify\" align=center><SPAN lang=FR style=\"font-family:'Trebuchet MS';\"><SPAN lang=FR style=\"FONT-SIZE:12pt;FONT-FAMILY:'Trebuchet MS'\">Samedi 25 avril <SPAN style=\"\"><\/SPAN>2009 20H<\/SPAN><\/SPAN><\/P><P style=\"margin:0cm 0cm 0pt;TEXT-ALIGN:justify\" align=center><SPAN lang=FR style=\"font-family:'Trebuchet MS';\">Salle communale de Floreffe \u2013 rue J.Piret <\/p>\n<p><\/SPAN><\/P><P style=\"margin:0cm 0cm 0pt;TEXT-ALIGN:justify\" align=center><SPAN lang=FR style=\"font-family:'Trebuchet MS';\"><\/p>\n<p><\/SPAN><\/P><P class=\"margin:0cm 0cm 6pt 243pt\" align=center><SPAN lang=FR style=\"FONT-SIZE:14pt;COLOR:red;FONT-FAMILY:'Trebuchet MS'\"><\/p>\n<p><SPAN lang=FR style=\"FONT-SIZE:14pt;COLOR:red;FONT-FAMILY:'Trebuchet MS'\">Dans le cadre de 2009, l\u2019an\u00e8ye do walon qui spite !&#8230; Et le 100<SUP>\u00e8me<\/SUP> anniversaire des R\u00e8lis Namurw\u00e8s<\/p>\n<p><\/SPAN><\/p>\n<p><\/SPAN><\/P><P class=petitnoir style=\"margin:auto 0cm 12pt;TEXT-ALIGN:center\" align=center><SPAN lang=FR style=\"FONT-SIZE:16pt;FONT-FAMILY:'Comic Sans MS'\"><FONT color=#660033>\u00ab&nbsp;Dr\u00f4le di qu\u00e9nt au Grognon&nbsp;\u00bb <\/p>\n<p><\/FONT><\/SPAN><\/P><P class=petitnoir style=\"margin:auto 0cm 12pt;TEXT-ALIGN:center\" align=center><SPAN lang=FR style=\"FONT-SIZE:14pt;FONT-FAMILY:'Comic Sans MS'\"><FONT color=#660033>par les D\u2019jones tchats de Vodec\u00e9e<\/p>\n<p><\/FONT><\/SPAN><\/P><P class=petitnoir style=\"margin:0cm 0cm 0pt;TEXT-ALIGN:center\" align=center><SPAN lang=FR style=\"FONT-SIZE:12pt;FONT-FAMILY:'Trebuchet MS'\"><FONT color=#660033>Com\u00e9die en 3 actes de Jacques JADOT d\u2019apr\u00e8s Ray Cooney, <\/p>\n<p><\/FONT><\/SPAN><\/P><P class=petitnoir style=\"margin:0cm 0cm 0pt;TEXT-ALIGN:justify\" align=center><SPAN lang=FR style=\"FONT-SIZE:12pt;FONT-FAMILY:'Trebuchet MS'\"><FONT color=#660033>dans une adaptation de Jacques Barry et<SPAN style=\"\"> <\/SPAN>une mise en sc\u00e8ne de Francy Lequeut.<\/p>\n<p><\/FONT><\/SPAN><\/P><P class=petitnoir style=\"margin:0cm 0cm 0pt\" align=center><SPAN lang=FR style=\"FONT-SIZE:12pt;COLOR:windowtext;FONT-FAMILY:'Trebuchet MS'\"><\/p>\n<p><\/SPAN><\/P><P class=petitnoir style=\"margin:0cm 0cm 0pt\" align=center><SPAN lang=FR style=\"FONT-SIZE:12pt;COLOR:windowtext;FONT-FAMILY:'Trebuchet MS';\">Avec :<\/p>\n<p><\/SPAN><\/P><P class=petitnoir style=\"margin:0cm 0cm 0pt\" align=center><SPAN lang=FR style=\"FONT-SIZE:12pt;COLOR:windowtext;FONT-FAMILY:'Trebuchet MS';\">Bernard Lequeut, Thibaut Sibille, Francy Lequeut, Charlotte Lequeut, Annick Collart, Jean-Charles Dutranoit, Jean-Paul Luc, Martine Sibille et Marcelle Cogniat.<\/p>\n<p><\/SPAN><\/P><P class=petitnoir style=\"margin:0cm 0cm 0pt\" align=center><SPAN lang=FR style=\"FONT-SIZE:12pt;COLOR:windowtext;FONT-FAMILY:'Trebuchet MS'\"><\/p>\n<p><\/SPAN><\/P><P style=\"margin:0cm 0cm 0pt;TEXT-ALIGN:justify\" align=center><I style=\"\"><SPAN lang=FR style=\"font-family:Arial\">Richard Dewez (ministre \u00e0 <\/SPAN><\/I><?<st1:PersonName ProductID=\"la R&#65513;gion\"><I style=\"\"><SPAN lang=FR style=\"font-family:Arial\">la R\u00e9gion<\/SPAN><\/I><\/st1:PersonName><I style=\"\"><SPAN lang=FR style=\"font-family:Arial\"> wallonne) doit participer \u00e0 une s\u00e9ance de nuit au parlement. Il a r\u00e9serv\u00e9 pour lui et sa ma\u00eetresse Nan\u00e8te (secr\u00e9taire du ministre Antoine) une chambre \u00e0 l\u2019h\u00f4tel des Ardennes situ\u00e9 juste en face du Grognon.<\/p>\n<p><\/SPAN><\/I><\/P><P style=\"margin:0cm 0cm 0pt;TEXT-ALIGN:justify\" align=center><I style=\"\"><SPAN lang=FR style=\"font-family:Arial\">Mais tout ne se passe pas du tout comme pr\u00e9vu : Mr Dewez va devoir faire appel \u00e0 Laurent (son secr\u00e9taire particulier assez \u2026na\u00eff, c\u00e9libataire malgr\u00e9 la cinquantaine, et vivant toujours tr\u00e8s proche de sa maman) pour essayer de se sortir de ces histoires r\u00e9elles ou imaginaires.<\/p>\n<p><\/SPAN><\/I><\/P><P style=\"margin:0cm 0cm 0pt;TEXT-ALIGN:justify\" align=center><I style=\"\"><SPAN lang=FR style=\"font-family:Arial\"><\/p>\n<p><\/SPAN><\/I><\/P><P style=\"margin:0cm 0cm 0pt;TEXT-ALIGN:justify\" align=center><SPAN lang=FR style=\"font-family:Arial\">Bref une com\u00e9die hilarante qui remettra les points sur les \u00ab&nbsp;i&nbsp;\u00bb \u00e0 tous ces partis \u2026 <\/p>\n<p><\/SPAN><\/P><P style=\"margin:0cm 0cm 0pt;TEXT-ALIGN:justify\" align=center><SPAN style=\"COLOR:maroon;FONT-FAMILY:'Trebuchet MS';\"><\/p>\n<p><\/SPAN><\/P><P style=\"margin:0cm 26.5pt 0pt 0cm;TEXT-ALIGN:justify\" align=center><SPAN lang=FR style=\"FONT-SIZE:10pt;FONT-FAMILY:'Trebuchet MS';\"><\/p>\n<p><\/SPAN><\/P><P style=\"margin:0cm 26.5pt 0pt 0cm;TEXT-ALIGN:justify\" align=center><SPAN lang=FR style=\"FONT-SIZE:11pt;FONT-FAMILY:'Trebuchet MS';\">Entr\u00e9es : Adultes 10 \u20ac ;<SPAN style=\"\"> <\/SPAN>jeunes de moins de 26 ans, seniors et sans emploi 7 \u20ac <\/p>\n<p><\/SPAN><\/P><P style=\"margin:0cm 26.5pt 0pt 0cm;TEXT-ALIGN:justify\" align=center><SPAN lang=FR style=\"FONT-SIZE:11pt;FONT-FAMILY:'Trebuchet MS';\">Gratuit pour les moins de 12 ans \u2013 Acc\u00e8s article 27<\/p>\n<p><\/SPAN><\/P><P style=\"margin:0cm 0cm 0pt;TEXT-ALIGN:justify\" align=center><SPAN lang=FR style=\"FONT-SIZE:5pt;FONT-FAMILY:'Trebuchet MS';\"><\/p>\n<p><\/SPAN><\/P><P style=\"margin:0cm 0cm 0pt;TEXT-ALIGN:justify\" align=center><SPAN lang=FR style=\"FONT-SIZE:11pt;FONT-FAMILY:'Trebuchet MS';\">Une organisation du <SPAN style=\"COLOR:#003366\">Centre Culturel de Floreffe a.s.b.l.<\/p>\n<p><\/SPAN><\/SPAN><\/P><P style=\"margin:0cm 0cm 0pt;TEXT-ALIGN:justify\" align=center><SPAN style=\"FONT-SIZE:11pt;FONT-FAMILY:'Trebuchet MS';\">Site web : <\/SPAN><SPAN lang=NL style=\"FONT-SIZE:11pt;FONT-FAMILY:'Trebuchet MS';FONT-FAMILY:'Trebuchet MS';\"><\/p>\n<p><\/SPAN><\/P><P class=\"margin:0cm 0cm 0pt;TEXT-ALIGN:left\" align=center><SPAN lang=FR style=\"FONT-SIZE:11pt;FONT-FAMILY:'Trebuchet MS';\">Infos: 081 45 13 46 &#8211; Chemin priv\u00e9, 1 \u00e0 Floreffe (Frani\u00e8re) ou info@centreculturelfloreffe.be <\/p>\n<p><\/SPAN><\/P><P class=\"margin:0cm 0cm 0pt;TEXT-ALIGN:left\" align=center><SPAN><\/p>\n<p>En outre, dans le cadre de la semaine du wallon \u00e0 Floreffe :<\/p>\n<p><\/SPAN><\/P><DIV style=\"BORDER-RIGHT:medium none;PADDING-RIGHT:0cm;BORDER-TOP:medium none;PADDING-LEFT:0cm;PADDING-BOTTOM:1pt;BORDER-LEFT:medium none;PADDING-TOP:0cm;BORDER-BOTTOM:red 1pt solid;\" align=center><SPAN lang=FR style=\"FONT-SIZE:11pt;FONT-FAMILY:'Trebuchet MS';\"><\/p>\n<p><\/SPAN><\/DIV><P style=\"margin:0cm 0cm 0pt 71.4pt;TEXT-INDENT:-18pt;tab-stops:list 71.4pt\" align=center><SPAN style=\"font-family:Wingdings;<SPAN style=\"font:7pt 'Times New Roman'\"> <\/SPAN><\/SPAN><\/SPAN><SPAN dir=ltr><SPAN style=\"font-family:'Trebuchet MS';\">Mercredi 22 avril \u00e0 18h \u00e0 la salle communale de Floreffe : <\/SPAN><\/SPAN><SPAN style=\"font-family:'Trebuchet MS';\">l\u2019\u00e9cole de Frani\u00e8re pr\u00e9sentera \u00ab&nbsp;Christophe Colomb&nbsp;\u00bb, une pi\u00e8ce de th\u00e9\u00e2tre en \u00ab&nbsp;franco-wallon&nbsp;\u00bb \u00e9crit par Jack Rifflard et jou\u00e9 par les \u00e9l\u00e8ves de 5<SUP>e<\/SUP> et 6<SUP>e<\/SUP> primaire.<\/SPAN><SPAN style=\"FONT-SIZE:11pt;FONT-FAMILY:'Trebuchet MS';\"> <\/SPAN><SPAN style=\"font-family:'Trebuchet MS';\"><\/p>\n<p><\/SPAN><\/P><P style=\"margin:0cm 0cm 0pt 53.4pt\" align=center><SPAN style=\"font-family:'Trebuchet MS';\"><\/p>\n<p><\/SPAN><\/P><P style=\"margin:0cm 0cm 0pt 53.4pt\" align=center><?<v:shape id=_x0000_s1026 style=\"MARGIN-TOP:11.9pt;Z-INDEX:1; LEFT: 0px;MARGIN-LEFT:54pt;WIDTH:126pt; POSITION: absolute;HEIGHT:95.25pt;TEXT-ALIGN:left\" alt=\"christophe colomb\" type=\"#_x0000_t75\"><v:imagedata o:href=\"http:\/\/www.floreffe.be\/christophe-colomb\" src=\"file:\/\/\/C:\\DOCUME~1\\SPTJA\\LOCALS~1\\Temp\\\"><\/v:imagedata><?<w:wrap type=\"square\"><\/w:wrap><\/v:shape><\/P><SPAN style=\"font-family:'Trebuchet MS';\"><\/p>\n<p><\/SPAN><P style=\"margin:0cm 0cm 0pt 53.4pt\" align=center><SPAN style=\"FONT-SIZE:11pt;FONT-FAMILY:'Trebuchet MS';\">Trois \u00e9pisodes de la d\u00e9couverte de l\u2019Am\u00e9rique par Christophe Colomb, en 1492, sont \u00e9voqu\u00e9s dans ce spectacle.<SPAN style=\"\"> <\/SPAN>Les nombreux anachronismes qui pars\u00e8ment la pi\u00e8ce sont voulus.<SPAN style=\"\"> <\/SPAN>Ils ont \u00e9t\u00e9 pour la plupart propos\u00e9s par les \u00e9coliers eux-m\u00eames qui, depuis la rentr\u00e9e de septembre 2008, de tout leur coeur, apprennent \u00e0 habiter leur personnage.<\/p>\n<p><\/SPAN><\/P><P style=\"margin:0cm 0cm 0pt 53.4pt\" align=center><SPAN style=\"font-family:'Trebuchet MS';\"><\/p>\n<p><\/SPAN><\/P><P style=\"margin:0cm 0cm 0pt 71.4pt;TEXT-INDENT:-18pt;tab-stops:list 71.4pt\" align=center><SPAN style=\"font-family:Wingdings;<SPAN style=\"font:7pt 'Times New Roman'\"> <\/SPAN><\/SPAN><\/SPAN><SPAN dir=ltr><SPAN lang=FR style=\"font-family:'Trebuchet MS'\">Exposition d\u2019\u0153uvres d\u2019enfants<\/SPAN><\/SPAN><SPAN lang=FR style=\"font-family:'Trebuchet MS'\"> des \u00e9coles primaires dans la salle pendant les spectacles et le vendredi 24\/04 de 15h30 \u00e0 18h.<\/SPAN><SPAN style=\"\"><\/p>\n<p><\/SPAN><\/P><P style=\"margin:0cm 0cm 0pt\" align=center><SPAN lang=FR style=\"font-family:'Trebuchet MS'\"><\/p>\n<p><\/SPAN><\/P><P style=\"margin:0cm 0cm 0pt 53.4pt\" align=center><SPAN style=\"FONT-SIZE:11pt;FONT-FAMILY:'Trebuchet MS';\">Pr\u00e9sentation de dessins d\u2019enfants \u00e0 partir de diff\u00e9rents \u00ab&nbsp;documents&nbsp;\u00bb en wallon. <\/p>\n<p><\/SPAN><\/P><P style=\"margin:0cm 0cm 0pt 53.4pt\" align=center><SPAN style=\"FONT-SIZE:11pt;FONT-FAMILY:'Trebuchet MS';\">En 1<SUP>e<\/SUP> et 2<SUP>e<\/SUP> primaire, cr\u00e9ation dans chaque classe participante d\u2019une BD illustrant <I style=\"\">P\u00e8rlicoqu\u00e8t<\/I>, conte recueilli par le docteur Robeaux en 1978. <\/p>\n<p><\/SPAN><\/P><P style=\"margin:0cm 0cm 0pt 53.4pt\" align=center><SPAN style=\"FONT-SIZE:11pt;FONT-FAMILY:'Trebuchet MS';\">En 3<SUP>e<\/SUP> et 4<SUP>e<\/SUP>, illustration de ratourn\u00fbres sur le diable (expressions wallonnes o&ugrave; il est question du diable) : <\/p>\n<p><\/SPAN><\/P><P style=\"margin:0cm 0cm 0pt 53.4pt\" align=center><SPAN style=\"FONT-SIZE:11pt;FONT-FAMILY:'Trebuchet MS';\">En 5<SUP>e<\/SUP> et 6<SUP>e<\/SUP>, illustration de ratourn\u00fbres li\u00e9es \u00e0 l\u2019argent (avarice, endettement, richesse et pauvret\u00e9\u2026)<\/p>\n<p><\/SPAN><\/P><P style=\"margin:0cm 0cm 0pt 54pt\" align=center><SPAN style=\"FONT-SIZE:11pt;\"><\/p>\n<p><\/SPAN><\/P><P class=\"margin:0cm 0cm 0pt;TEXT-ALIGN:left\" align=center><SPAN lang=FR style=\"FONT-SIZE:11pt;FONT-FAMILY:'Trebuchet MS';\">Entr\u00e9e gratuite. Plus d\u2019infos sur <A href=\"http:\/\/www.floreffe.be\/\">www.floreffe.be<\/A> <\/p>\n<p><\/SPAN><\/P><\/p>\n","protected":false},"excerpt":{"rendered":"<p>Samedi 25 avril 2009 20HSalle communale de Floreffe \u2013 rue J.Piret Dans le cadre de 2009, l\u2019an\u00e8ye do walon qui spite !&#8230; Et le 100\u00e8me&#8230;<\/p>\n","protected":false},"author":1,"featured_media":0,"comment_status":"closed","ping_status":"open","sticky":false,"template":"","format":"standard","meta":[],"categories":[3],"tags":[5],"_links":{"self":[{"href":"http:\/\/www.musicadeon.com\/index.php\/wp-json\/wp\/v2\/posts\/3069"}],"collection":[{"href":"http:\/\/www.musicadeon.com\/index.php\/wp-json\/wp\/v2\/posts"}],"about":[{"href":"http:\/\/www.musicadeon.com\/index.php\/wp-json\/wp\/v2\/types\/post"}],"author":[{"embeddable":true,"href":"http:\/\/www.musicadeon.com\/index.php\/wp-json\/wp\/v2\/users\/1"}],"replies":[{"embeddable":true,"href":"http:\/\/www.musicadeon.com\/index.php\/wp-json\/wp\/v2\/comments?post=3069"}],"version-history":[{"count":0,"href":"http:\/\/www.musicadeon.com\/index.php\/wp-json\/wp\/v2\/posts\/3069\/revisions"}],"wp:attachment":[{"href":"http:\/\/www.musicadeon.com\/index.php\/wp-json\/wp\/v2\/media?parent=3069"}],"wp:term":[{"taxonomy":"category","embeddable":true,"href":"http:\/\/www.musicadeon.com\/index.php\/wp-json\/wp\/v2\/categories?post=3069"},{"taxonomy":"post_tag","embeddable":true,"href":"http:\/\/www.musicadeon.com\/index.php\/wp-json\/wp\/v2\/tags?post=3069"}],"curies":[{"name":"wp","href":"https:\/\/api.w.org\/{rel}","templated":true}]}}