{"id":3097,"date":"2009-05-27T02:00:00","date_gmt":"2009-05-27T00:00:00","guid":{"rendered":"http:\/\/www.musicadeon.com\/index.php\/2009\/05\/27\/le-petit-village-darbre-va-accueillir-une-manche-du-championnat-de-belgique-de-caisses-a-savon\/"},"modified":"2009-05-27T02:00:00","modified_gmt":"2009-05-27T00:00:00","slug":"le-petit-village-darbre-va-accueillir-une-manche-du-championnat-de-belgique-de-caisses-a-savon","status":"publish","type":"post","link":"http:\/\/www.musicadeon.com\/index.php\/2009\/05\/27\/le-petit-village-darbre-va-accueillir-une-manche-du-championnat-de-belgique-de-caisses-a-savon\/","title":{"rendered":"Le petit village d&rsquo;Arbre va accueillir une manche du championnat de Belgique de caisses \u00e0 savon."},"content":{"rendered":"<p><P align=center><IMG src=\"\/A\/N\/D\/caisse20090527savon1sptja.jpg\"> <\/P><DIV><FONT face=Arial><B><I>Bonjour \u00e0 tous!<\/I><\/B><\/FONT><\/DIV><DIV><FONT face=Arial><B><I>Pour la premi\u00e8re fois de son histoire, le petit village d&rsquo;Arbre va accueillir une manche du championnat de Belgique de caisses \u00e0 savon, le dimanche 5 juillet 09.<\/I><\/B><\/FONT><\/DIV><DIV><FONT face=Arial><B><I>Une cat\u00e9gorie \u00ab\u00a0folklore\u00a0\u00bb permettra aux non-sp\u00e9cialistes de d\u00e9valer la piste de 1km600 trac\u00e9e sur les pentes besinnoises.<\/I><\/B><\/FONT><\/DIV><DIV><FONT face=Arial><B><I>Nous serions heureux de retrouver au d\u00e9part nos amis des villages voisins&#8230; voire m\u00eame de plus loin!<\/I><\/B><\/FONT><\/DIV><DIV><FONT face=Arial><B><I>Construisez votre caisse \u00e0 savon et venez la pr\u00e9senter \u00e0 Arbre :<\/I><\/B><\/FONT><\/DIV><DIV><FONT face=Arial><B><I>&#8211; un v\u00e9hicule \u00e0 3 ou 4 roues ou plus, sans moteur, sur structure de bois ou fer<\/I><\/B><\/FONT><\/DIV><DIV><FONT face=Arial><B><I>&#8211; \u00e9limination de tout objet pointu ou tranchant \u00e0 l&rsquo;int\u00e9rieur ou \u00e0 l&rsquo;ext\u00e9rieur de la caisse<\/I><\/B><\/FONT><\/DIV><DIV><FONT face=Arial><B><I>&#8211; l&rsquo;usage d&rsquo;une batterie \u00e0 acide est interdit<\/I><\/B><\/FONT><\/DIV><DIV><FONT face=Arial><B><I>&#8211; interdits aussi tous dispositifs aptes \u00e0 fournir de l&rsquo;\u00e9nergie \u00e0 la caisse \u00e0 savon<\/I><\/B><\/FONT><\/DIV><DIV><FONT face=Arial><B><I>&#8211; une attache solide, accessible \u00e0 l&rsquo;avant et \u00e0 l&rsquo;arri\u00e8re de la caisse ainsi qu&rsquo;un c\u00e2ble non m\u00e9tallique d&rsquo;une r\u00e9sistance de 700 kg, d&rsquo;une longueur de 1,5 m\u00e8tres minimum, est obligatoire pour le remorquage<\/I><\/B><\/FONT><\/DIV><DIV><FONT face=Arial><B><I>&#8211; un syst\u00e8me de freinage efficace est fortement conseill\u00e9.<\/I><\/B><\/FONT><\/DIV><DIV><FONT face=Arial><B><I>Pour tout participant (accord parental pour les moins de 18 ans), l&rsquo;\u00e9quipement obligatoire est le suivant : casque int\u00e9gral, gants ferm\u00e9s, pantalon, veste \u00e0 longues manches, chaussures ferm\u00e9es compl\u00e8tement. Sont conseill\u00e9es mais non-obligatoires les protections suppl\u00e9mentaires : genouill\u00e8res, coudi\u00e8res, minerves type Kart,&#8230;<\/I><\/B><\/FONT><\/DIV><DIV><FONT face=Arial><B><I>Nous vous invitons donc \u00e0 nous rejoindre avec les membres de votre club, de votre comit\u00e9 pour passer une bonne journ\u00e9e de d\u00e9tente en notre compagnie.<\/I><\/B><\/FONT><\/DIV><DIV><FONT face=Arial><B><I>Inscription possible sur place \u00e0 09h00. Frais d&rsquo;inscription : 8 euros\/caisse. Entr\u00e9e gratuite pour le public.<\/I><\/B><\/FONT><\/DIV><DIV><FONT face=Arial><B><I>Remise des prix et souvenir \u00e0 tous les participants.<\/I><\/B><\/FONT><\/DIV><DIV><FONT face=Arial><B><I>Petite restauration et buvettes seront bien s\u00fbr \u00e0 votre disposition sur le site durant toute la journ\u00e9e.<\/I><\/B><\/FONT><\/DIV><DIV><FONT face=Arial><B><I>N&rsquo;h\u00e9sitez pas \u00e0 me contacter si vous avez des questions.<\/I><\/B><\/FONT><\/DIV><DIV><FONT face=Arial><B><I>Merci de parler de notre organisation autour de vous!<\/I><\/B><\/FONT><\/DIV><DIV><FONT face=Arial><B><I>Pour le comit\u00e9 organisateur,<\/I><\/B><\/FONT><\/DIV><DIV><FONT face=Arial><B><I>Etienne Nicaise<\/I><\/B><\/FONT><\/DIV><DIV><FONT face=Arial><B><I>Pr\u00e9sident<\/I><\/B><\/FONT><\/DIV><DIV><FONT face=Arial><B><I>Rue de Besinne, 4<\/I><\/B><\/FONT><\/DIV><DIV><FONT face=Arial><B><I>5170 Arbre<\/I><\/B><\/FONT><\/DIV><DIV><FONT face=Arial><B><I>081\/43.43.30<\/I><\/B><\/FONT><\/DIV><DIV><FONT face=Arial><B><I>0475\/59.15.66<\/I><\/B><\/FONT><\/DIV><DIV><FONT face=Arial><A href=\"http:\/\/www.arbre.be\/\"><B><I>www.arbre.be<\/I><\/B><\/A><\/FONT><\/DIV><DIV><IMG height=510 src=\"http:\/\/idata.over-blog.com\/2\/31\/71\/52\/Grande-Course.jpg\" width=561><\/DIV><DIV><\/DIV><DIV align=left><FONT style=\"BACKGROUND-COLOR:#fff\"><FONT color=#900><b><FONT size=7>Jour J \u00e0 Arbre<\/FONT><\/b><\/FONT><\/FONT><\/DIV><P align=center><IMG src=\"\/A\/N\/D\/casse20090705savon1arbre1sptja.jpg\"> <\/P><P align=center><IMG src=\"\/A\/N\/D\/casse20090705savon1arbre2sptja.jpg\"> <\/P><P align=center><IMG src=\"\/A\/N\/D\/casse20090705savon1arbre3sptja.jpg\"> <\/P><P align=center><IMG src=\"\/A\/N\/D\/casse20090705savon1arbre4sptja.jpg\"> <\/P><P align=center><IMG src=\"\/A\/N\/D\/casse20090705savon1arbre5sptja.jpg\"> <\/P><P align=center><IMG src=\"\/A\/N\/D\/casse20090705savon1arbre6sptja.jpg\"> <\/P><\/p>\n","protected":false},"excerpt":{"rendered":"<p>Bonjour \u00e0 tous!Pour la premi\u00e8re fois de son histoire, le petit village d&rsquo;Arbre va accueillir une manche du championnat de Belgique de caisses \u00e0 savon,&#8230;<\/p>\n","protected":false},"author":1,"featured_media":0,"comment_status":"closed","ping_status":"open","sticky":false,"template":"","format":"standard","meta":[],"categories":[3],"tags":[5],"_links":{"self":[{"href":"http:\/\/www.musicadeon.com\/index.php\/wp-json\/wp\/v2\/posts\/3097"}],"collection":[{"href":"http:\/\/www.musicadeon.com\/index.php\/wp-json\/wp\/v2\/posts"}],"about":[{"href":"http:\/\/www.musicadeon.com\/index.php\/wp-json\/wp\/v2\/types\/post"}],"author":[{"embeddable":true,"href":"http:\/\/www.musicadeon.com\/index.php\/wp-json\/wp\/v2\/users\/1"}],"replies":[{"embeddable":true,"href":"http:\/\/www.musicadeon.com\/index.php\/wp-json\/wp\/v2\/comments?post=3097"}],"version-history":[{"count":0,"href":"http:\/\/www.musicadeon.com\/index.php\/wp-json\/wp\/v2\/posts\/3097\/revisions"}],"wp:attachment":[{"href":"http:\/\/www.musicadeon.com\/index.php\/wp-json\/wp\/v2\/media?parent=3097"}],"wp:term":[{"taxonomy":"category","embeddable":true,"href":"http:\/\/www.musicadeon.com\/index.php\/wp-json\/wp\/v2\/categories?post=3097"},{"taxonomy":"post_tag","embeddable":true,"href":"http:\/\/www.musicadeon.com\/index.php\/wp-json\/wp\/v2\/tags?post=3097"}],"curies":[{"name":"wp","href":"https:\/\/api.w.org\/{rel}","templated":true}]}}