{"id":3140,"date":"2009-10-01T02:00:00","date_gmt":"2009-10-01T00:00:00","guid":{"rendered":"http:\/\/www.musicadeon.com\/index.php\/2009\/10\/01\/tete-a-tete-avec-francois-deguelt-a-radio-musicadeon-lesves-belgium\/"},"modified":"2009-10-01T02:00:00","modified_gmt":"2009-10-01T00:00:00","slug":"tete-a-tete-avec-francois-deguelt-a-radio-musicadeon-lesves-belgium","status":"publish","type":"post","link":"http:\/\/www.musicadeon.com\/index.php\/2009\/10\/01\/tete-a-tete-avec-francois-deguelt-a-radio-musicadeon-lesves-belgium\/","title":{"rendered":"T\u00eate-\u00e0-t\u00eate avec \u00a0\u00bbFRANCOIS DEGUELT \u00a0\u00bb \u00e0 Radio Musicad\u00e9on Lesves (Belgium)"},"content":{"rendered":"<p><P align=center><IMG src=\"\/A\/N\/D\/francois20091001deguelt01musicadeon.jpg\"> <\/P><P align=center><IMG src=\"\/A\/N\/D\/francois20091001deguelt2musicadeon.jpg\"> <\/P><P align=center><IMG src=\"\/A\/N\/D\/francois20091001deguelt3musicadeon.jpg\"> <\/P><P align=center><IMG src=\"\/A\/N\/D\/francois20091001deguelt4musicadeon.jpg\"> <\/P><\/p>\n","protected":false},"excerpt":{"rendered":"","protected":false},"author":1,"featured_media":0,"comment_status":"closed","ping_status":"open","sticky":false,"template":"","format":"standard","meta":[],"categories":[3],"tags":[5],"_links":{"self":[{"href":"http:\/\/www.musicadeon.com\/index.php\/wp-json\/wp\/v2\/posts\/3140"}],"collection":[{"href":"http:\/\/www.musicadeon.com\/index.php\/wp-json\/wp\/v2\/posts"}],"about":[{"href":"http:\/\/www.musicadeon.com\/index.php\/wp-json\/wp\/v2\/types\/post"}],"author":[{"embeddable":true,"href":"http:\/\/www.musicadeon.com\/index.php\/wp-json\/wp\/v2\/users\/1"}],"replies":[{"embeddable":true,"href":"http:\/\/www.musicadeon.com\/index.php\/wp-json\/wp\/v2\/comments?post=3140"}],"version-history":[{"count":0,"href":"http:\/\/www.musicadeon.com\/index.php\/wp-json\/wp\/v2\/posts\/3140\/revisions"}],"wp:attachment":[{"href":"http:\/\/www.musicadeon.com\/index.php\/wp-json\/wp\/v2\/media?parent=3140"}],"wp:term":[{"taxonomy":"category","embeddable":true,"href":"http:\/\/www.musicadeon.com\/index.php\/wp-json\/wp\/v2\/categories?post=3140"},{"taxonomy":"post_tag","embeddable":true,"href":"http:\/\/www.musicadeon.com\/index.php\/wp-json\/wp\/v2\/tags?post=3140"}],"curies":[{"name":"wp","href":"https:\/\/api.w.org\/{rel}","templated":true}]}}