{"id":3143,"date":"2009-10-06T02:00:00","date_gmt":"2009-10-06T00:00:00","guid":{"rendered":"http:\/\/www.musicadeon.com\/index.php\/2009\/10\/06\/lasbl-sepam-organise-un-podium-dartistes\/"},"modified":"2009-10-06T02:00:00","modified_gmt":"2009-10-06T00:00:00","slug":"lasbl-sepam-organise-un-podium-dartistes","status":"publish","type":"post","link":"http:\/\/www.musicadeon.com\/index.php\/2009\/10\/06\/lasbl-sepam-organise-un-podium-dartistes\/","title":{"rendered":"L&rsquo;asbl SEPAM organise un podium d&rsquo;artistes"},"content":{"rendered":"<p><P align=center><b><FONT size=4>L&rsquo;asbl SEPAM, qui aide les personnes atteintes de la Scl\u00e9rose en Plaques<BR>Organise un podium le 12 d\u00e9cembre 2009 d\u00e8s 14h \u00e0 la salle Au Gros Buisson \u00e0 Wanze<BR>auquel Claudy Delfosse&nbsp;va participer et d&rsquo;autres artistes<BR><\/FONT><\/b><\/P><P align=center><b><FONT size=4>Info: <\/FONT><\/b><a href=\"http:\/\/www.sepam.be\/\" target=_new rel=\"noopener noreferrer\"><b><FONT size=4>http:\/\/www.sepam.be\/<\/FONT><\/b><\/A><\/P><\/p>\n","protected":false},"excerpt":{"rendered":"<p>L&rsquo;asbl SEPAM, qui aide les personnes atteintes de la Scl\u00e9rose en PlaquesOrganise un podium le 12 d\u00e9cembre 2009 d\u00e8s 14h \u00e0 la salle Au Gros&#8230;<\/p>\n","protected":false},"author":1,"featured_media":0,"comment_status":"closed","ping_status":"open","sticky":false,"template":"","format":"standard","meta":[],"categories":[3],"tags":[5],"_links":{"self":[{"href":"http:\/\/www.musicadeon.com\/index.php\/wp-json\/wp\/v2\/posts\/3143"}],"collection":[{"href":"http:\/\/www.musicadeon.com\/index.php\/wp-json\/wp\/v2\/posts"}],"about":[{"href":"http:\/\/www.musicadeon.com\/index.php\/wp-json\/wp\/v2\/types\/post"}],"author":[{"embeddable":true,"href":"http:\/\/www.musicadeon.com\/index.php\/wp-json\/wp\/v2\/users\/1"}],"replies":[{"embeddable":true,"href":"http:\/\/www.musicadeon.com\/index.php\/wp-json\/wp\/v2\/comments?post=3143"}],"version-history":[{"count":0,"href":"http:\/\/www.musicadeon.com\/index.php\/wp-json\/wp\/v2\/posts\/3143\/revisions"}],"wp:attachment":[{"href":"http:\/\/www.musicadeon.com\/index.php\/wp-json\/wp\/v2\/media?parent=3143"}],"wp:term":[{"taxonomy":"category","embeddable":true,"href":"http:\/\/www.musicadeon.com\/index.php\/wp-json\/wp\/v2\/categories?post=3143"},{"taxonomy":"post_tag","embeddable":true,"href":"http:\/\/www.musicadeon.com\/index.php\/wp-json\/wp\/v2\/tags?post=3143"}],"curies":[{"name":"wp","href":"https:\/\/api.w.org\/{rel}","templated":true}]}}