{"id":3149,"date":"2009-11-03T01:00:00","date_gmt":"2009-11-03T00:00:00","guid":{"rendered":"http:\/\/www.musicadeon.com\/index.php\/2009\/11\/03\/festival-de-laccordeon-a-abbeville-france\/"},"modified":"2009-11-03T01:00:00","modified_gmt":"2009-11-03T00:00:00","slug":"festival-de-laccordeon-a-abbeville-france","status":"publish","type":"post","link":"http:\/\/www.musicadeon.com\/index.php\/2009\/11\/03\/festival-de-laccordeon-a-abbeville-france\/","title":{"rendered":"Festival de l&rsquo;accord\u00e9on \u00e0 Abbeville (France)"},"content":{"rendered":"<p><P align=center><IMG src=\"\/A\/N\/D\/abbeville20091031sptja1festival.jpg\"> <\/P><P align=center><IMG src=\"\/A\/N\/D\/abbeville20091031sptja02festival.jpg\"> <\/P><P align=center><IMG src=\"\/A\/N\/D\/abbeville20091031sptja03festival.jpg\"> <\/P><P align=center><IMG src=\"\/A\/N\/D\/abbeville20091031musicadeon1accordeon.jpg\"> <\/P><P align=center><b><i><FONT size=5>Michel Pruvot<\/FONT><\/i><\/b><\/P><P align=center><IMG src=\"\/A\/N\/D\/abbeville20091031musicadeon2accordeon.jpg\"> <\/P><P align=center><b><i><FONT size=5>Accord\u00e9on en somme<\/FONT><\/i><\/b><\/P><P align=center><IMG src=\"\/A\/N\/D\/abbeville20091031musicadeon3accordeon.jpg\"> <\/P><P align=center><b><i><FONT size=5>La princesse de l&rsquo;accord\u00e9on Erika<\/FONT><\/i><\/b><\/P><P align=center><IMG src=\"\/A\/N\/D\/abbeville20091031musicadeon4accordeon.jpg\"> <\/P><P align=center><IMG src=\"\/A\/N\/D\/abbeville20091031musicadeon5accordeon.jpg\"> <\/P><P align=center><b><i><FONT size=5>Michel Gressier<\/FONT><\/i><\/b><\/P><P align=center><IMG src=\"\/A\/N\/D\/abbeville20091031musicadeon6accordeon.jpg\"> <\/P><P align=center><IMG src=\"\/A\/N\/D\/abbeville20091031musicadeon7accordeon.jpg\"> <\/P><P align=center><b><i><FONT size=5>Le P\u00e8re Mathieu<\/FONT><\/i><\/b><\/P><P align=center><IMG src=\"\/A\/N\/D\/abbeville20091031musicadeon8accordeon.jpg\"> <\/P><P align=center><IMG src=\"\/A\/N\/D\/abbeville20091031musicadeon9accordeon.jpg\"> <\/P><P align=center><IMG src=\"\/A\/N\/D\/abbeville20091031musicadeon10accordeon.jpg\"> <\/P><P align=center><IMG src=\"\/A\/N\/D\/abbeville20091031musicadeon11accordeon.jpg\"> <\/P><P align=center><IMG src=\"\/A\/N\/D\/abbeville20091031musicadeon12accordeon.jpg\"> <\/P><P align=center><FONT size=5><i><b>Accord\u00e9on Cote Picarde<\/b><\/i><\/FONT><\/P><P align=center><IMG src=\"\/A\/N\/D\/abbeville20091031musicadeon13accordeon.jpg\"> <\/P><P align=center><FONT size=5><i><b>Jean-Pierre Lepoivre<\/b><\/i><\/FONT><\/P><P align=center><IMG src=\"\/A\/N\/D\/abbeville20091031musicadeon14accordeon.jpg\"> <\/P><P align=center><IMG src=\"\/A\/N\/D\/abbeville20091031musicadeon15accordeon.jpg\"> <\/P><P align=center><FONT size=5><i><b>Fernando<\/b><\/i><\/FONT><\/P><P align=center><IMG src=\"\/A\/N\/D\/abbeville20091031musicadeon16accordeon.jpg\"> <\/P><P align=center><IMG src=\"\/A\/N\/D\/abbeville20091031musicadeon17accordeon.jpg\"> <\/P><P align=center><FONT size=5><i><b>Jo Sony<\/b><\/i><\/FONT><\/P><P align=center><IMG src=\"\/A\/N\/D\/abbeville20091031musicadeon18accordeon.jpg\"> <\/P><P align=center><IMG src=\"\/A\/N\/D\/abbeville20091031musicadeon19accordeon.jpg\"> <\/P><P align=center><b><i><FONT size=5>L&rsquo;orchestre De Michel Pruvot<\/FONT><\/i><\/b><\/P><P align=center><IMG src=\"\/A\/N\/D\/abbeville20091031musicadeon20accordeon.jpg\"> <\/P><P align=center><FONT size=5><b><i>Theatre Municipal d&rsquo;Abbeville<\/i><\/b><\/FONT><\/P><P align=center><IMG src=\"\/A\/N\/D\/abbeville20091031musicadeon21accordeon.jpg\"> <\/P><P align=center><IMG src=\"\/A\/N\/D\/abbeville20091031musicadeon22accordeon.jpg\"> <\/P><P align=center><FONT size=5><i><b>Erika &amp; Jean-Pierre Lepoivre<\/b><\/i><\/FONT><\/P><P align=center><IMG src=\"\/A\/N\/D\/abbeville20091031musicadeon23accordeon.jpg\"> <\/P><P align=center><FONT size=5><i><b>Final du festival d&rsquo;accord\u00e9on d&rsquo;Abbeville<\/b><\/i><\/FONT><\/P><P align=center><IMG src=\"\/A\/N\/D\/abbeville20091031musicadeon24accordeon.jpg\"> <\/P><P align=center><IMG src=\"\/A\/N\/D\/abbeville20091031musicadeon25accordeon.jpg\"> <\/P><\/p>\n","protected":false},"excerpt":{"rendered":"<p>Michel Pruvot Accord\u00e9on en somme La princesse de l&rsquo;accord\u00e9on Erika Michel Gressier Le P\u00e8re Mathieu Accord\u00e9on Cote Picarde Jean-Pierre Lepoivre Fernando Jo Sony L&rsquo;orchestre De&#8230;<\/p>\n","protected":false},"author":1,"featured_media":0,"comment_status":"closed","ping_status":"open","sticky":false,"template":"","format":"standard","meta":[],"categories":[3],"tags":[5],"_links":{"self":[{"href":"http:\/\/www.musicadeon.com\/index.php\/wp-json\/wp\/v2\/posts\/3149"}],"collection":[{"href":"http:\/\/www.musicadeon.com\/index.php\/wp-json\/wp\/v2\/posts"}],"about":[{"href":"http:\/\/www.musicadeon.com\/index.php\/wp-json\/wp\/v2\/types\/post"}],"author":[{"embeddable":true,"href":"http:\/\/www.musicadeon.com\/index.php\/wp-json\/wp\/v2\/users\/1"}],"replies":[{"embeddable":true,"href":"http:\/\/www.musicadeon.com\/index.php\/wp-json\/wp\/v2\/comments?post=3149"}],"version-history":[{"count":0,"href":"http:\/\/www.musicadeon.com\/index.php\/wp-json\/wp\/v2\/posts\/3149\/revisions"}],"wp:attachment":[{"href":"http:\/\/www.musicadeon.com\/index.php\/wp-json\/wp\/v2\/media?parent=3149"}],"wp:term":[{"taxonomy":"category","embeddable":true,"href":"http:\/\/www.musicadeon.com\/index.php\/wp-json\/wp\/v2\/categories?post=3149"},{"taxonomy":"post_tag","embeddable":true,"href":"http:\/\/www.musicadeon.com\/index.php\/wp-json\/wp\/v2\/tags?post=3149"}],"curies":[{"name":"wp","href":"https:\/\/api.w.org\/{rel}","templated":true}]}}