{"id":3289,"date":"2010-09-01T02:00:00","date_gmt":"2010-09-01T00:00:00","guid":{"rendered":"http:\/\/www.musicadeon.com\/index.php\/2010\/09\/01\/sur-un-air-de-musique-sam-a-nogent-sur-oise-france\/"},"modified":"2010-09-01T02:00:00","modified_gmt":"2010-09-01T00:00:00","slug":"sur-un-air-de-musique-sam-a-nogent-sur-oise-france","status":"publish","type":"post","link":"http:\/\/www.musicadeon.com\/index.php\/2010\/09\/01\/sur-un-air-de-musique-sam-a-nogent-sur-oise-france\/","title":{"rendered":"Sur un air de musique (SAM) \u00e0 Nogent sur Oise (France)"},"content":{"rendered":"<p><\/p>\n<div align=\"center\"><b><i>C\u2019est ce que nous pensons, alors, nous nous permettons de vous solliciter de nouveau :<\/i>  <br \/><i>&nbsp;<\/i>  <br \/><i>Ce salon est ouvert<\/i>  <br \/>&middot;&nbsp;&nbsp;&nbsp;&nbsp; <i>aux professionnels de la r\u00e9gion qui vous proposeront instruments, sonorisation, jeux de lumi\u00e8re, partitions \u2026&nbsp; etc.<\/i>  <br \/>&middot;&nbsp;&nbsp;&nbsp; <i>&nbsp; aux particuliers aupr\u00e8s de qui vous trouverez \u00e9galement des instruments d\u2019occasion, des vieux vinyles, des livres , des partitions et revues et tous documents ayant trait \u00e0 la musique.<\/i>  <br \/><i>&nbsp;<\/i>  <br \/><i>Nous souhaitons que comme pour la premi\u00e8re \u00e9dition, que cette journ\u00e9e soit une vitrine.<\/i>  <br \/><i>Pour ceux qui ne pourront venir, il y aura un espace diffusion pour leur permettre de distribuer leur publicit\u00e9.<\/i>  <br \/><i>Les&nbsp; luthiers et facteurs professionnels locaux seront \u00e9galement repr\u00e9sent\u00e9s. Ils&nbsp; pourraient proc\u00e9der \u00e0 quelques expertises des instruments de musique achet\u00e9s sur le salon.<\/i>  <br \/><i>C\u2019est \u00e0 cette \u00e9poque que les \u00e9l\u00e8ves doivent acheter, louer, bref se procurer un&nbsp; instrument de musique, mais aussi acheter partitions et recueils de solf\u00e8ge. Vous pourrez d\u2019ailleurs rencontrer le conservatoire municipal de Nogent voire m\u00eame les \u00e9coles de la CAC et de ses environs.<\/i>  <br \/><i>Cette journ\u00e9e sera aussi celles des rencontres :<\/i>  <br \/>&middot;&nbsp;&nbsp;&nbsp;&nbsp;&nbsp; <i>rencontre avec les groupes et musiciens qui viendront animer la brocante tout au long de la journ\u00e9e,<\/i>  <br \/>&middot;&nbsp;&nbsp;&nbsp;&nbsp;&nbsp; <i>rencontre avec SAM qui sera heureux de vous accueillir au sein de ses formations de musique populaire d\u2019orchestre et de fanfare.<\/i>  <br \/><i>Le b\u00e9n\u00e9fice de cette journ\u00e9e servira \u00e0 acheter du mat\u00e9riel qui sera mis \u00e0 disposition des \u00e9l\u00e8ves de l\u2019association.<\/i>  <br \/><i>&nbsp;<\/i>  <br \/><i>  <\/p>\n<div align=\"center\">R\u00e9servations d\u00e8s \u00e0 pr\u00e9sent&nbsp;  <\/div>\n<p><\/i>  <br \/><i>  <\/p>\n<div align=\"center\">Attention d\u00e8s \u00e0 pr\u00e9sent nous ne pourrons garantir la fourniture gratuite de table et chaise&nbsp; que pour les inscriptions qui nous arrivent rapidement.  <\/div>\n<p><\/i>  <br \/><i>&nbsp;<\/i>  <br \/>&middot;&nbsp;&nbsp;&nbsp;&nbsp;&nbsp; <i>Particuliers et Professionnels \u00e0 l\u2019OT, 99 rue du Gal de Gaulle NOGENT SUR OISE au 03 44 71 77 70. ou&nbsp; au&nbsp; 06 74 37 21 59 ou par courriel \u00e0 : <a href=\"mailto:surunairdemusique@free.fr\">surunairdemusique@free.fr<\/a> .<\/i>  <br \/><i>Les tarifs :<\/i>  <br \/>&middot;&nbsp;&nbsp;&nbsp;&nbsp;&nbsp; <i>Particulier : 3,50\u20ac m\u00e8tre&nbsp; ou 3,00\u20ac l\u2019instrument sur table<\/i>  <br \/>&middot;&nbsp;&nbsp;&nbsp;&nbsp;&nbsp; <i>Professionnel : 7,00\u20ac<sup> <\/sup>m\u00e8tre <\/i>  <br \/><i>Merci d\u2019avoir consacr\u00e9 un peu de temps \u00e0 la lecture de la pr\u00e9sente. N\u2019h\u00e9sitez pas \u00e0 nous contacter.<\/i>  <br \/><i>Dans l\u2019attente de vous lire ou vous entendre veuillez agr\u00e9er les respects cordiaux du pr\u00e9sident et de toute son \u00e9quipe.<\/i>  <br \/>&nbsp;  <br \/>Le pr\u00e9sident : Patrick Chassevent  <\/p>\n<p><x-sigsep>  <\/p>\n<p><font color=\"#0000ff\"><i>expediteur: <\/i><\/font><i><font color=\"#0000ff\" size=\"4\">Patrick Chassevent<\/font><\/i>  <\/p>\n<p><\/x-sigsep>  <br \/><x-sigsep><\/x-sigsep>  <br \/><x-sigsep>  <\/p>\n<p><i><font size=\"2\"><u>NB: afin de tous les messages puissent etre lus par tout les programmes nous avons volontairement omis toutes accentuations.<\/u><\/font><\/i>  <\/p>\n<p><\/x-sigsep>  <br \/><x-sigsep><\/x-sigsep>  <br \/><x-sigsep>  <\/p>\n<p>association <i><u>Sur un air de musique (SAM) <\/u><\/i>  <\/p>\n<p><\/x-sigsep>  <br \/><x-sigsep>  <\/p>\n<p>19 rue Marcel philippe  <\/p>\n<p><\/x-sigsep>  <br \/><x-sigsep>  <\/p>\n<p>60180 Nogent sur Oise  <\/p>\n<p><\/x-sigsep>  <br \/><x-sigsep>  <\/p>\n<p>tel 06 74 37 21 59  <\/p>\n<p><\/x-sigsep>  <br \/><x-sigsep>  <\/p>\n<p>mail: surunairdemusique@free.fr  <\/p>\n<p><\/x-sigsep>  <br \/><x-sigsep>  <\/p>\n<p>siret: 503 545 907 00019  <\/p>\n<p><\/x-sigsep>  <br \/><x-sigsep>  <\/p>\n<p>ape: 9499Z  <\/p>\n<p><\/x-sigsep><\/b><\/div>\n","protected":false},"excerpt":{"rendered":"<p>C\u2019est ce que nous pensons, alors, nous nous permettons de vous solliciter de nouveau : &nbsp; Ce salon est ouvert &middot;&nbsp;&nbsp;&nbsp;&nbsp; aux professionnels de la&#8230;<\/p>\n","protected":false},"author":1,"featured_media":0,"comment_status":"closed","ping_status":"open","sticky":false,"template":"","format":"standard","meta":[],"categories":[3],"tags":[5],"_links":{"self":[{"href":"http:\/\/www.musicadeon.com\/index.php\/wp-json\/wp\/v2\/posts\/3289"}],"collection":[{"href":"http:\/\/www.musicadeon.com\/index.php\/wp-json\/wp\/v2\/posts"}],"about":[{"href":"http:\/\/www.musicadeon.com\/index.php\/wp-json\/wp\/v2\/types\/post"}],"author":[{"embeddable":true,"href":"http:\/\/www.musicadeon.com\/index.php\/wp-json\/wp\/v2\/users\/1"}],"replies":[{"embeddable":true,"href":"http:\/\/www.musicadeon.com\/index.php\/wp-json\/wp\/v2\/comments?post=3289"}],"version-history":[{"count":0,"href":"http:\/\/www.musicadeon.com\/index.php\/wp-json\/wp\/v2\/posts\/3289\/revisions"}],"wp:attachment":[{"href":"http:\/\/www.musicadeon.com\/index.php\/wp-json\/wp\/v2\/media?parent=3289"}],"wp:term":[{"taxonomy":"category","embeddable":true,"href":"http:\/\/www.musicadeon.com\/index.php\/wp-json\/wp\/v2\/categories?post=3289"},{"taxonomy":"post_tag","embeddable":true,"href":"http:\/\/www.musicadeon.com\/index.php\/wp-json\/wp\/v2\/tags?post=3289"}],"curies":[{"name":"wp","href":"https:\/\/api.w.org\/{rel}","templated":true}]}}