{"id":3328,"date":"2010-06-10T02:00:00","date_gmt":"2010-06-10T00:00:00","guid":{"rendered":"http:\/\/www.musicadeon.com\/index.php\/2010\/06\/10\/concert-pour-shanna\/"},"modified":"2010-06-10T02:00:00","modified_gmt":"2010-06-10T00:00:00","slug":"concert-pour-shanna","status":"publish","type":"post","link":"http:\/\/www.musicadeon.com\/index.php\/2010\/06\/10\/concert-pour-shanna\/","title":{"rendered":"CONCERT POUR SHANNA"},"content":{"rendered":"<style><!--.hmmessage P{margin:0px;padding:0px}body.hmmessage{FONT-SIZE:10pt;font-family:Verdana}--><\/style>\n<div align=\"center\"><b>je sollicite votre bienveillance et votre&nbsp;aide pour diffuser&nbsp;l&rsquo;organisation du&nbsp;concert de vari\u00e9t\u00e9s, au cours duquel seront pr\u00e9sents des artistes qui viendront se produire b\u00e9n\u00e9volement. <\/b><\/div>\n<p style=\"MARGIN-BOTTOM:0cm;\" align=\"center\"><b>Ce concert est r\u00e9alis\u00e9 en vue de r\u00e9colter des fonds pour venir en aide \u00e0 une petite fille atteinte de la Neuroserpine,SHANNA UN COMBAT POUR LA VIE &nbsp;les b\u00e9n\u00e9fices de ce concert seront int\u00e9gralement revers\u00e9 \u00e0 la recherche contre cette maladie.<\/b><\/p>\n<div align=\"center\"><\/div>\n<p style=\"MARGIN-BOTTOM:0cm;\" align=\"center\"><b>Ce concert est pr\u00e9vu et organis\u00e9 en la salle le Buz&rsquo;Art (ancienne salle Saint Martin rue du Marais 6 \u00e0 6230 Buzet) en date du 19 juin 2010, le prix d&rsquo;entr\u00e9e est fix\u00e9 \u00e0 12 euros et gratuit pour les moins de 10 ans.<\/b><\/p>\n<div align=\"center\"><\/div>\n<p style=\"MARGIN-BOTTOM:0cm;\" align=\"center\"><b>Vous trouverez ci apr\u00e8s une liste avec les artistes pr\u00e9vus ce jour l\u00e0.<\/b><\/p>\n<div align=\"center\"><\/div>\n<p style=\"MARGIN-BOTTOM:0cm;\" align=\"center\"><b>  <br \/><\/b><\/p>\n<div align=\"center\"><\/div>\n<p style=\"MARGIN-BOTTOM:0cm;\" align=\"center\"><b>LES CHOCOLAT&rsquo;S  <br \/>LA BANDE A BASILE  <br \/>CHRISTIAN VIDAL  <br \/>ALAIN DELORME  <br \/>REMIA  <br \/>ALAIN VAL  <br \/>MIRROIR  <br \/>DOMINIQUE CLABEAU  <br \/>JENARO LATINO  <br \/>DAN PEETERS  <br \/>MAMANO  <br \/>EL CHICO  <br \/>ROXANE RYAN  <br \/>BERVERLY OFFICIEL  <br \/>LE GROUPE CRISPY  <br \/>KIMBERLEY  <br \/>MICHEL TOSCA  <br \/>LUC BERCY  <br \/>CLAUDY DELFOSSE  <br \/>DIDIER BOCLINVILLE  <br \/>FABIAN ONTARIO  <br \/>JEAN-PIERRE DARRAS  <br \/>ALISSON<\/b><\/p>\n<div align=\"center\"><\/div>\n<p style=\"MARGIN-BOTTOM:0cm;\" align=\"center\"><b>WENDY VERLY<\/b><\/p>\n<div align=\"center\"><\/div>\n<p style=\"MARGIN-BOTTOM:0cm;\" align=\"center\"><b>FREDERIC MICHEL  <br \/><\/b><\/p>\n<div align=\"center\"><\/div>\n<p style=\"MARGIN-BOTTOM:0cm;\" align=\"center\"><b>&nbsp;<\/b><\/p>\n<div align=\"center\"><\/div>\n<p style=\"MARGIN-BOTTOM:0cm;\" align=\"center\"><b>En attendant de vous lires et une r\u00e9ponse favorable, recevez Mesdames, Messieurs , l&rsquo;expression de nos sentiments les plus distingu\u00e9s<\/b><\/p>\n<div align=\"center\"><\/div>\n<p style=\"MARGIN-BOTTOM:0cm;\" align=\"center\"><b>DURANT Marie-Laure et CARA Luciano (Organisateurs de l&rsquo;\u00e9v\u00e8nement au nom de l&rsquo;A,S,B,L \u00ab&nbsp;&nbsp;Vaincre la Neuroserpine&nbsp;&nbsp;\u00bb<\/b><\/p>\n<div align=\"center\"><\/div>\n<p style=\"MARGIN-BOTTOM:0cm;\" align=\"center\"><b>Contact; 6230 Obaix rue du Village 5 (tel: 0495\/49,18,77 et 0497\/05,88,40)<\/b><\/p>\n<div align=\"center\"><\/div>\n<p style=\"MARGIN-BOTTOM:0cm;\" align=\"center\"><b>  <br \/><\/b><\/p>\n<div align=\"center\"><\/div>\n<p style=\"MARGIN-BOTTOM:0cm;\" align=\"center\"><b>le n&deg; de compte o&ugrave; vous pouvez r\u00e9server vos places pour le concert de Shanna un combat pour la vie voire m\u00eame y faire vos dons (1 ou deux euros , quelque soit le montant) pour la recherche et le bien \u00eatre de Shanna.  <br \/>Tous les b\u00e9n\u00e9fices seront revers\u00e9s int\u00e9gralement \u00e0 l&rsquo;ASBL. Vaincre la neuroserpine.  <br \/>Soutenons la recherche contre cette maladie et aidons Shanna dans son combat .  <br \/>Pour rappel il y aura restauration pour les spectateurs et spectatrices, une tombola o&ugrave; tous le monde gagne.  <\/p>\n<p>N&deg; de compte au d\u00e9part de la Belgique  <br \/>IBAN BE61 0688 9057 5417  <\/p>\n<p>N&deg; de compte au d\u00e9part de l&rsquo;\u00e9tranger  <br \/>IBAN BE61 0688 9057 5417  <br \/>BIC GKCCBEBB  <\/p>\n<p>Pour vos r\u00e9servations, n&rsquo;oubliez pas vos coordonn\u00e9es et le nombre de place souhait\u00e9es.  <\/p>\n<p>Pour Shanna et la recherche, un tout grand MERCI  <\/p>\n<p>Venez nombreux et nombreuses, soutenons et mobilisons nous pour cette journ\u00e9e, du samedi 19 juin 2010 \u00e0 Buzet.<\/b><\/p>\n<div align=\"center\"><\/div>\n<p style=\"MARGIN-BOTTOM:0cm;\" align=\"center\"><b>MARIE LAURE<\/b><\/p>\n","protected":false},"excerpt":{"rendered":"<p>je sollicite votre bienveillance et votre&nbsp;aide pour diffuser&nbsp;l&rsquo;organisation du&nbsp;concert de vari\u00e9t\u00e9s, au cours duquel seront pr\u00e9sents des artistes qui viendront se produire b\u00e9n\u00e9volement. Ce concert&#8230;<\/p>\n","protected":false},"author":1,"featured_media":0,"comment_status":"closed","ping_status":"open","sticky":false,"template":"","format":"standard","meta":[],"categories":[3],"tags":[5],"_links":{"self":[{"href":"http:\/\/www.musicadeon.com\/index.php\/wp-json\/wp\/v2\/posts\/3328"}],"collection":[{"href":"http:\/\/www.musicadeon.com\/index.php\/wp-json\/wp\/v2\/posts"}],"about":[{"href":"http:\/\/www.musicadeon.com\/index.php\/wp-json\/wp\/v2\/types\/post"}],"author":[{"embeddable":true,"href":"http:\/\/www.musicadeon.com\/index.php\/wp-json\/wp\/v2\/users\/1"}],"replies":[{"embeddable":true,"href":"http:\/\/www.musicadeon.com\/index.php\/wp-json\/wp\/v2\/comments?post=3328"}],"version-history":[{"count":0,"href":"http:\/\/www.musicadeon.com\/index.php\/wp-json\/wp\/v2\/posts\/3328\/revisions"}],"wp:attachment":[{"href":"http:\/\/www.musicadeon.com\/index.php\/wp-json\/wp\/v2\/media?parent=3328"}],"wp:term":[{"taxonomy":"category","embeddable":true,"href":"http:\/\/www.musicadeon.com\/index.php\/wp-json\/wp\/v2\/categories?post=3328"},{"taxonomy":"post_tag","embeddable":true,"href":"http:\/\/www.musicadeon.com\/index.php\/wp-json\/wp\/v2\/tags?post=3328"}],"curies":[{"name":"wp","href":"https:\/\/api.w.org\/{rel}","templated":true}]}}