{"id":3558,"date":"2011-10-25T02:00:00","date_gmt":"2011-10-25T00:00:00","guid":{"rendered":"http:\/\/www.musicadeon.com\/index.php\/2011\/10\/25\/a-vos-agendas-24-03-2012\/"},"modified":"2011-10-25T02:00:00","modified_gmt":"2011-10-25T00:00:00","slug":"a-vos-agendas-24-03-2012","status":"publish","type":"post","link":"http:\/\/www.musicadeon.com\/index.php\/2011\/10\/25\/a-vos-agendas-24-03-2012\/","title":{"rendered":"\u00c0 vos agendas (24-03-2012)"},"content":{"rendered":"<p>Les as du clavier en collaboration de l&rsquo;Asbl S.P.T.J.A. organise un festival d&rsquo;accord\u00e9on le samedi 24 mars 2012 (Salle des f\u00eates) Avenue de Beaufort 4500 Ben Ahin (Belgique) d\u00e9s 16H00 retrouvez la princesse de l&rsquo;accord\u00e9on <a href=\"http:\/\/www.erika.be\" target=\"_blank\" rel=\"noopener noreferrer\">Erika<\/a> Andr\u00e9 Loppe, Jos Steve, Cathy Minet, Albert Belaire accompagn\u00e9 par l&rsquo;orchestre d&rsquo;Erika pour Info: 0032(0)475295161 ou 0032(0)475205804 <\/p>\n","protected":false},"excerpt":{"rendered":"<p>Les as du clavier en collaboration de l&rsquo;Asbl S.P.T.J.A. organise un festival d&rsquo;accord\u00e9on le samedi 24 mars 2012 (Salle des f\u00eates) Avenue de Beaufort 4500&#8230;<\/p>\n","protected":false},"author":1,"featured_media":0,"comment_status":"closed","ping_status":"open","sticky":false,"template":"","format":"standard","meta":[],"categories":[1],"tags":[],"_links":{"self":[{"href":"http:\/\/www.musicadeon.com\/index.php\/wp-json\/wp\/v2\/posts\/3558"}],"collection":[{"href":"http:\/\/www.musicadeon.com\/index.php\/wp-json\/wp\/v2\/posts"}],"about":[{"href":"http:\/\/www.musicadeon.com\/index.php\/wp-json\/wp\/v2\/types\/post"}],"author":[{"embeddable":true,"href":"http:\/\/www.musicadeon.com\/index.php\/wp-json\/wp\/v2\/users\/1"}],"replies":[{"embeddable":true,"href":"http:\/\/www.musicadeon.com\/index.php\/wp-json\/wp\/v2\/comments?post=3558"}],"version-history":[{"count":0,"href":"http:\/\/www.musicadeon.com\/index.php\/wp-json\/wp\/v2\/posts\/3558\/revisions"}],"wp:attachment":[{"href":"http:\/\/www.musicadeon.com\/index.php\/wp-json\/wp\/v2\/media?parent=3558"}],"wp:term":[{"taxonomy":"category","embeddable":true,"href":"http:\/\/www.musicadeon.com\/index.php\/wp-json\/wp\/v2\/categories?post=3558"},{"taxonomy":"post_tag","embeddable":true,"href":"http:\/\/www.musicadeon.com\/index.php\/wp-json\/wp\/v2\/tags?post=3558"}],"curies":[{"name":"wp","href":"https:\/\/api.w.org\/{rel}","templated":true}]}}