{"id":3560,"date":"2011-10-25T02:00:00","date_gmt":"2011-10-25T00:00:00","guid":{"rendered":"http:\/\/www.musicadeon.com\/index.php\/2011\/10\/25\/a-vos-agendas-02-06-2012\/"},"modified":"2011-10-25T02:00:00","modified_gmt":"2011-10-25T00:00:00","slug":"a-vos-agendas-02-06-2012","status":"publish","type":"post","link":"http:\/\/www.musicadeon.com\/index.php\/2011\/10\/25\/a-vos-agendas-02-06-2012\/","title":{"rendered":"\u00c0 vos agendas (02-06-2012)"},"content":{"rendered":"<p>Le samedi 2 juin 2012 \u00e0 21h au dancing (CHEZ CHRISTIAN) \u00e0 Marche (Belgique) retrouvez la princesse de l&rsquo;accord\u00e9on <a href=\"http:\/\/www.erika.be\" target=\"_blank\" rel=\"noopener noreferrer\">Erika<\/a> &#038; Jean-Marie pour un th\u00e9 dansant Info: 0032(0)475.20.58.04<\/p>\n","protected":false},"excerpt":{"rendered":"<p>Le samedi 2 juin 2012 \u00e0 21h au dancing (CHEZ CHRISTIAN) \u00e0 Marche (Belgique) retrouvez la princesse de l&rsquo;accord\u00e9on Erika &#038; Jean-Marie pour un th\u00e9&#8230;<\/p>\n","protected":false},"author":1,"featured_media":0,"comment_status":"closed","ping_status":"open","sticky":false,"template":"","format":"standard","meta":[],"categories":[1],"tags":[],"_links":{"self":[{"href":"http:\/\/www.musicadeon.com\/index.php\/wp-json\/wp\/v2\/posts\/3560"}],"collection":[{"href":"http:\/\/www.musicadeon.com\/index.php\/wp-json\/wp\/v2\/posts"}],"about":[{"href":"http:\/\/www.musicadeon.com\/index.php\/wp-json\/wp\/v2\/types\/post"}],"author":[{"embeddable":true,"href":"http:\/\/www.musicadeon.com\/index.php\/wp-json\/wp\/v2\/users\/1"}],"replies":[{"embeddable":true,"href":"http:\/\/www.musicadeon.com\/index.php\/wp-json\/wp\/v2\/comments?post=3560"}],"version-history":[{"count":0,"href":"http:\/\/www.musicadeon.com\/index.php\/wp-json\/wp\/v2\/posts\/3560\/revisions"}],"wp:attachment":[{"href":"http:\/\/www.musicadeon.com\/index.php\/wp-json\/wp\/v2\/media?parent=3560"}],"wp:term":[{"taxonomy":"category","embeddable":true,"href":"http:\/\/www.musicadeon.com\/index.php\/wp-json\/wp\/v2\/categories?post=3560"},{"taxonomy":"post_tag","embeddable":true,"href":"http:\/\/www.musicadeon.com\/index.php\/wp-json\/wp\/v2\/tags?post=3560"}],"curies":[{"name":"wp","href":"https:\/\/api.w.org\/{rel}","templated":true}]}}