{"id":3565,"date":"2011-11-04T01:00:00","date_gmt":"2011-11-04T00:00:00","guid":{"rendered":"http:\/\/www.musicadeon.com\/index.php\/2011\/11\/04\/tete-a-tete-avec-charly-lowice-a-radio-musicadeon-lesves-belgium\/"},"modified":"2011-11-04T01:00:00","modified_gmt":"2011-11-04T00:00:00","slug":"tete-a-tete-avec-charly-lowice-a-radio-musicadeon-lesves-belgium","status":"publish","type":"post","link":"http:\/\/www.musicadeon.com\/index.php\/2011\/11\/04\/tete-a-tete-avec-charly-lowice-a-radio-musicadeon-lesves-belgium\/","title":{"rendered":"T\u00eate-\u00e0-t\u00eate avec \u00a0\u00bbCHARLY LOWICE \u00a0\u00bb \u00e0 Radio Musicad\u00e9on Lesves (Belgium)"},"content":{"rendered":"<p><P align=center><IMG src=\"\/A\/N\/D\/charly20111116lowice1musicadeo.jpg\"><\/P><P align=center><IMG src=\"\/A\/N\/D\/charly20111116lowice2musicadeo.jpg\"><\/P><P align=center><IMG src=\"\/A\/N\/D\/charly20111116lowice1musicadeon1livre1dor.jpg\"><P align=center><IMG src=\"\/A\/N\/D\/concours20111113musical2musicadeon.jpg\"><\/P><\/P><\/p>\n","protected":false},"excerpt":{"rendered":"","protected":false},"author":1,"featured_media":0,"comment_status":"closed","ping_status":"open","sticky":false,"template":"","format":"standard","meta":[],"categories":[3],"tags":[5],"_links":{"self":[{"href":"http:\/\/www.musicadeon.com\/index.php\/wp-json\/wp\/v2\/posts\/3565"}],"collection":[{"href":"http:\/\/www.musicadeon.com\/index.php\/wp-json\/wp\/v2\/posts"}],"about":[{"href":"http:\/\/www.musicadeon.com\/index.php\/wp-json\/wp\/v2\/types\/post"}],"author":[{"embeddable":true,"href":"http:\/\/www.musicadeon.com\/index.php\/wp-json\/wp\/v2\/users\/1"}],"replies":[{"embeddable":true,"href":"http:\/\/www.musicadeon.com\/index.php\/wp-json\/wp\/v2\/comments?post=3565"}],"version-history":[{"count":0,"href":"http:\/\/www.musicadeon.com\/index.php\/wp-json\/wp\/v2\/posts\/3565\/revisions"}],"wp:attachment":[{"href":"http:\/\/www.musicadeon.com\/index.php\/wp-json\/wp\/v2\/media?parent=3565"}],"wp:term":[{"taxonomy":"category","embeddable":true,"href":"http:\/\/www.musicadeon.com\/index.php\/wp-json\/wp\/v2\/categories?post=3565"},{"taxonomy":"post_tag","embeddable":true,"href":"http:\/\/www.musicadeon.com\/index.php\/wp-json\/wp\/v2\/tags?post=3565"}],"curies":[{"name":"wp","href":"https:\/\/api.w.org\/{rel}","templated":true}]}}