{"id":3571,"date":"2011-11-17T01:00:00","date_gmt":"2011-11-17T00:00:00","guid":{"rendered":"http:\/\/www.musicadeon.com\/index.php\/2011\/11\/17\/a-vos-agendas-20-11-2011-4\/"},"modified":"2011-11-17T01:00:00","modified_gmt":"2011-11-17T00:00:00","slug":"a-vos-agendas-20-11-2011-4","status":"publish","type":"post","link":"http:\/\/www.musicadeon.com\/index.php\/2011\/11\/17\/a-vos-agendas-20-11-2011-4\/","title":{"rendered":"\u00c0 vos agendas (20-11-2011)"},"content":{"rendered":"<p>Le dimanche 20 novembre 2011 retrouver la princesse de l&rsquo;accord\u00e9on <a href=\"http:\/\/www.erika.be\" target=\"_blank\" rel=\"noopener noreferrer\">Erika<\/a> \u00e0 07h30  avec les auditeurs de Radio Fugi \u00e0 Givet (France) 90.3 FM 102.00 FM 130.6 FM 99.3 FM &#038; sur radio Equinoxe de 09h \u00e0 10h00 de 22h00 \u00e0 23h00  Info: 0032(0)475.20.58.04<\/p>\n","protected":false},"excerpt":{"rendered":"<p>Le dimanche 20 novembre 2011 retrouver la princesse de l&rsquo;accord\u00e9on Erika \u00e0 07h30 avec les auditeurs de Radio Fugi \u00e0 Givet (France) 90.3 FM 102.00&#8230;<\/p>\n","protected":false},"author":1,"featured_media":0,"comment_status":"closed","ping_status":"open","sticky":false,"template":"","format":"standard","meta":[],"categories":[1],"tags":[],"_links":{"self":[{"href":"http:\/\/www.musicadeon.com\/index.php\/wp-json\/wp\/v2\/posts\/3571"}],"collection":[{"href":"http:\/\/www.musicadeon.com\/index.php\/wp-json\/wp\/v2\/posts"}],"about":[{"href":"http:\/\/www.musicadeon.com\/index.php\/wp-json\/wp\/v2\/types\/post"}],"author":[{"embeddable":true,"href":"http:\/\/www.musicadeon.com\/index.php\/wp-json\/wp\/v2\/users\/1"}],"replies":[{"embeddable":true,"href":"http:\/\/www.musicadeon.com\/index.php\/wp-json\/wp\/v2\/comments?post=3571"}],"version-history":[{"count":0,"href":"http:\/\/www.musicadeon.com\/index.php\/wp-json\/wp\/v2\/posts\/3571\/revisions"}],"wp:attachment":[{"href":"http:\/\/www.musicadeon.com\/index.php\/wp-json\/wp\/v2\/media?parent=3571"}],"wp:term":[{"taxonomy":"category","embeddable":true,"href":"http:\/\/www.musicadeon.com\/index.php\/wp-json\/wp\/v2\/categories?post=3571"},{"taxonomy":"post_tag","embeddable":true,"href":"http:\/\/www.musicadeon.com\/index.php\/wp-json\/wp\/v2\/tags?post=3571"}],"curies":[{"name":"wp","href":"https:\/\/api.w.org\/{rel}","templated":true}]}}