{"id":3667,"date":"2012-11-07T01:00:00","date_gmt":"2012-11-07T00:00:00","guid":{"rendered":"http:\/\/www.musicadeon.com\/index.php\/2012\/11\/07\/la-galerie-dartbre-presente-albert-terken-maguy-hoebeke-du-10-au-26-novembre-2012\/"},"modified":"2012-11-07T01:00:00","modified_gmt":"2012-11-07T00:00:00","slug":"la-galerie-dartbre-presente-albert-terken-maguy-hoebeke-du-10-au-26-novembre-2012","status":"publish","type":"post","link":"http:\/\/www.musicadeon.com\/index.php\/2012\/11\/07\/la-galerie-dartbre-presente-albert-terken-maguy-hoebeke-du-10-au-26-novembre-2012\/","title":{"rendered":"La Galerie d&rsquo;Art&rsquo;bre pr\u00e9sente \u00a0\u00bbAlbert Terken &amp; Maguy Hoebeke \u00a0\u00bb du 10 au 26 novembre  2012"},"content":{"rendered":"<p align=\"center\"> <img decoding=\"async\" src=\"\/A\/N\/D\/albert20121110ferken1arbre1musicadeon.jpg\" \/><\/p>\n<p align=\"center\"> <img decoding=\"async\" src=\"\/A\/N\/D\/arbre20121110maguy1hoebeke1musicadeon.jpg\" \/><\/p>\n<div style=\"font-family:Calibri;FONT-SIZE:16px\" align=\"center\"><font face=\"Script MT Bold\"><font style=\"FONT-SIZE:18pt\">Pour les grands amateurs d&rsquo;Art,<\/font><\/font><\/div>\n<div style=\"font-family:Calibri;FONT-SIZE:16px\" align=\"center\"><font face=\"Script MT Bold\"><font style=\"FONT-SIZE:18pt\">des tableaux plus anciens des artistes peintres<\/font><\/font><\/div>\n<div style=\"font-family:Calibri;FONT-SIZE:16px\" align=\"center\"><font face=\"Script MT Bold\"><font style=\"FONT-SIZE:18pt\">Albert Terken et Maguy Hoebeke<\/font><\/font><\/div>\n<div style=\"font-family:Calibri;FONT-SIZE:16px\" align=\"center\"><font face=\"Script MT Bold\"><font style=\"FONT-SIZE:18pt\">seront&nbsp;pr\u00e9sent\u00e9s \u00e0&nbsp;<\/font><\/font><font face=\"Script MT Bold\"><font style=\"FONT-SIZE:18pt\"><font face=\"Script MT Bold\" size=\"5\"><b>\u00ab\u00a0Antica Namur\u00a0\u00bb&nbsp;<\/b><\/font><\/font><\/font><font face=\"Script MT Bold\"><font style=\"FONT-SIZE:18pt\">au stand D04<\/font><\/font><\/div>\n<div style=\"font-family:Calibri;FONT-SIZE:16px\" align=\"center\"><font face=\"Script MT Bold\" size=\"5\">Exposition du 10 au 18 novembre 2012<\/font><\/div>\n<div style=\"font-family:Calibri;FONT-SIZE:16px\" align=\"center\"><font face=\"Script MT Bold\" size=\"5\">Les heures d&rsquo;ouverture semaine : 14h &#8211; 19h,<\/font><\/div>\n<div style=\"font-family:Calibri;FONT-SIZE:16px\" align=\"center\"><font face=\"Script MT Bold\"><font size=\"5\">le week-End: 11h &#8211; 19h  <br \/>Entr\u00e9e offerte aux dames le mardi 13 novembre<\/font><\/font><\/div>\n<p align=\"center\">&nbsp;<\/p>\n","protected":false},"excerpt":{"rendered":"<p>Pour les grands amateurs d&rsquo;Art, des tableaux plus anciens des artistes peintres Albert Terken et Maguy Hoebeke seront&nbsp;pr\u00e9sent\u00e9s \u00e0&nbsp;\u00ab\u00a0Antica Namur\u00a0\u00bb&nbsp;au stand D04 Exposition du 10&#8230;<\/p>\n","protected":false},"author":1,"featured_media":0,"comment_status":"closed","ping_status":"open","sticky":false,"template":"","format":"standard","meta":[],"categories":[3],"tags":[5],"_links":{"self":[{"href":"http:\/\/www.musicadeon.com\/index.php\/wp-json\/wp\/v2\/posts\/3667"}],"collection":[{"href":"http:\/\/www.musicadeon.com\/index.php\/wp-json\/wp\/v2\/posts"}],"about":[{"href":"http:\/\/www.musicadeon.com\/index.php\/wp-json\/wp\/v2\/types\/post"}],"author":[{"embeddable":true,"href":"http:\/\/www.musicadeon.com\/index.php\/wp-json\/wp\/v2\/users\/1"}],"replies":[{"embeddable":true,"href":"http:\/\/www.musicadeon.com\/index.php\/wp-json\/wp\/v2\/comments?post=3667"}],"version-history":[{"count":0,"href":"http:\/\/www.musicadeon.com\/index.php\/wp-json\/wp\/v2\/posts\/3667\/revisions"}],"wp:attachment":[{"href":"http:\/\/www.musicadeon.com\/index.php\/wp-json\/wp\/v2\/media?parent=3667"}],"wp:term":[{"taxonomy":"category","embeddable":true,"href":"http:\/\/www.musicadeon.com\/index.php\/wp-json\/wp\/v2\/categories?post=3667"},{"taxonomy":"post_tag","embeddable":true,"href":"http:\/\/www.musicadeon.com\/index.php\/wp-json\/wp\/v2\/tags?post=3667"}],"curies":[{"name":"wp","href":"https:\/\/api.w.org\/{rel}","templated":true}]}}