{"id":3686,"date":"2012-11-27T01:00:00","date_gmt":"2012-11-27T00:00:00","guid":{"rendered":"http:\/\/www.musicadeon.com\/index.php\/2012\/11\/27\/a-vos-agendas-21-04-2013-3\/"},"modified":"2012-11-27T01:00:00","modified_gmt":"2012-11-27T00:00:00","slug":"a-vos-agendas-21-04-2013-3","status":"publish","type":"post","link":"http:\/\/www.musicadeon.com\/index.php\/2012\/11\/27\/a-vos-agendas-21-04-2013-3\/","title":{"rendered":"\u00c0 vos agendas (21-04-2013)"},"content":{"rendered":"<p>La salle (L&rsquo;ESPERANCE) en collaboration avec l&rsquo;Asbl S.P.T.J.A. organise un festival d&rsquo;accord\u00e9on le dimanche 21 avril \u00e0 Pondrome (Belgique) d\u00e9s 14H00 retrouvez la princesse de l&rsquo;accord\u00e9on <a href=\"http:\/\/www.erika.be\" target=\"_blank\" rel=\"noopener noreferrer\">Erika<\/a>, Claude Martin, Anthony Basilico, Sylviane Mercier, Daniel Dropsy Laura Namur, accompagn\u00e9 par l&rsquo;orchestre d&rsquo;Erika petite restauration pour Info: 0032(0)472741283 ou 0032(0)475205804 Au menu : Ap\u00e9ritif maison offert par le Comit\u00e9Jambon grill\u00e9 \u00e0 la moutarde \u00e0 l\u2019ancienne et au miel, choix de crudit\u00e9s de saisonPommes de terre grenaille \u00e0 la graisse d\u2019oieDessert : Moelleux au chocolat et sa cr\u00e8me anglaise Prix du menu : 14 \u20ac LE JOUR, mais  13 \u20ac pour les pr\u00e9ventes pay\u00e9es \u00e0 la r\u00e9servation.<\/p>\n","protected":false},"excerpt":{"rendered":"<p>La salle (L&rsquo;ESPERANCE) en collaboration avec l&rsquo;Asbl S.P.T.J.A. organise un festival d&rsquo;accord\u00e9on le dimanche 21 avril \u00e0 Pondrome (Belgique) d\u00e9s 14H00 retrouvez la princesse de&#8230;<\/p>\n","protected":false},"author":1,"featured_media":0,"comment_status":"closed","ping_status":"open","sticky":false,"template":"","format":"standard","meta":[],"categories":[1],"tags":[],"_links":{"self":[{"href":"http:\/\/www.musicadeon.com\/index.php\/wp-json\/wp\/v2\/posts\/3686"}],"collection":[{"href":"http:\/\/www.musicadeon.com\/index.php\/wp-json\/wp\/v2\/posts"}],"about":[{"href":"http:\/\/www.musicadeon.com\/index.php\/wp-json\/wp\/v2\/types\/post"}],"author":[{"embeddable":true,"href":"http:\/\/www.musicadeon.com\/index.php\/wp-json\/wp\/v2\/users\/1"}],"replies":[{"embeddable":true,"href":"http:\/\/www.musicadeon.com\/index.php\/wp-json\/wp\/v2\/comments?post=3686"}],"version-history":[{"count":0,"href":"http:\/\/www.musicadeon.com\/index.php\/wp-json\/wp\/v2\/posts\/3686\/revisions"}],"wp:attachment":[{"href":"http:\/\/www.musicadeon.com\/index.php\/wp-json\/wp\/v2\/media?parent=3686"}],"wp:term":[{"taxonomy":"category","embeddable":true,"href":"http:\/\/www.musicadeon.com\/index.php\/wp-json\/wp\/v2\/categories?post=3686"},{"taxonomy":"post_tag","embeddable":true,"href":"http:\/\/www.musicadeon.com\/index.php\/wp-json\/wp\/v2\/tags?post=3686"}],"curies":[{"name":"wp","href":"https:\/\/api.w.org\/{rel}","templated":true}]}}