{"id":3712,"date":"2012-12-07T01:00:00","date_gmt":"2012-12-07T00:00:00","guid":{"rendered":"http:\/\/www.musicadeon.com\/index.php\/2012\/12\/07\/a-vos-agendas-15-08-2013\/"},"modified":"2012-12-07T01:00:00","modified_gmt":"2012-12-07T00:00:00","slug":"a-vos-agendas-15-08-2013","status":"publish","type":"post","link":"http:\/\/www.musicadeon.com\/index.php\/2012\/12\/07\/a-vos-agendas-15-08-2013\/","title":{"rendered":"\u00c0 vos agendas (15-08-2013)"},"content":{"rendered":"<p>Le jeudi 15 ao\u00fbt, de 15&#8201;h \u00e0 24&#8201;h, un gala d&rsquo;accord\u00e9on dansant se d\u00e9roulera au parc municipal. Au programme&#8201;: Christophe Coineau, ses troubadours et son chanteur Roger Poissac&#8201;; <a href=\"http:\/\/www.erika.be\" target=\"_blank\" rel=\"noopener noreferrer\">Erika<\/a>, la princesse de l&rsquo;accord\u00e9on belge, pour la premi\u00e8re fois en Poitou-Charentes&#8201;; Laurent Pire, vedette en Belgique)&#8201;; Pierre P\u00e9ribois&#8201;; S\u00e9bastien Farge&#8201;; Pascal Terrible&#8201;; Pascal Michaud et son chanteur Nono&#8201;; Philippe Leyssenne&#8201;; Clody Musette et son chanteur Bernard Jumeau&#8201;; Fredy Dumas. Exposition-vente d&rsquo;accord\u00e9on Maugein. Entr\u00e9e gala&#8201;: 13&#8201;\u20ac. A 12&#8201;h&#8201;30 restauration rapide. A 20&#8201;h&#8201;30&#8201;: repas froid&#8201;: 11&#8201;\u20ac Info: 0032(0)475205804<\/p>\n","protected":false},"excerpt":{"rendered":"<p>Le jeudi 15 ao\u00fbt, de 15&#8201;h \u00e0 24&#8201;h, un gala d&rsquo;accord\u00e9on dansant se d\u00e9roulera au parc municipal. Au programme&#8201;: Christophe Coineau, ses troubadours et son&#8230;<\/p>\n","protected":false},"author":1,"featured_media":0,"comment_status":"closed","ping_status":"open","sticky":false,"template":"","format":"standard","meta":[],"categories":[1],"tags":[],"_links":{"self":[{"href":"http:\/\/www.musicadeon.com\/index.php\/wp-json\/wp\/v2\/posts\/3712"}],"collection":[{"href":"http:\/\/www.musicadeon.com\/index.php\/wp-json\/wp\/v2\/posts"}],"about":[{"href":"http:\/\/www.musicadeon.com\/index.php\/wp-json\/wp\/v2\/types\/post"}],"author":[{"embeddable":true,"href":"http:\/\/www.musicadeon.com\/index.php\/wp-json\/wp\/v2\/users\/1"}],"replies":[{"embeddable":true,"href":"http:\/\/www.musicadeon.com\/index.php\/wp-json\/wp\/v2\/comments?post=3712"}],"version-history":[{"count":0,"href":"http:\/\/www.musicadeon.com\/index.php\/wp-json\/wp\/v2\/posts\/3712\/revisions"}],"wp:attachment":[{"href":"http:\/\/www.musicadeon.com\/index.php\/wp-json\/wp\/v2\/media?parent=3712"}],"wp:term":[{"taxonomy":"category","embeddable":true,"href":"http:\/\/www.musicadeon.com\/index.php\/wp-json\/wp\/v2\/categories?post=3712"},{"taxonomy":"post_tag","embeddable":true,"href":"http:\/\/www.musicadeon.com\/index.php\/wp-json\/wp\/v2\/tags?post=3712"}],"curies":[{"name":"wp","href":"https:\/\/api.w.org\/{rel}","templated":true}]}}