{"id":3713,"date":"2012-12-08T01:00:00","date_gmt":"2012-12-08T00:00:00","guid":{"rendered":"http:\/\/www.musicadeon.com\/index.php\/2012\/12\/08\/du-bonheur-avec-20-artistes-du-08-au-30-decembre-2012-a-arbre-profondeville-belgium\/"},"modified":"2012-12-08T01:00:00","modified_gmt":"2012-12-08T00:00:00","slug":"du-bonheur-avec-20-artistes-du-08-au-30-decembre-2012-a-arbre-profondeville-belgium","status":"publish","type":"post","link":"http:\/\/www.musicadeon.com\/index.php\/2012\/12\/08\/du-bonheur-avec-20-artistes-du-08-au-30-decembre-2012-a-arbre-profondeville-belgium\/","title":{"rendered":"Du bonheur avec 20 artistes du 08 au 30 d\u00e9cembre 2012 \u00e0 Arbre (Profondeville) Belgium"},"content":{"rendered":"<p align=\"center\">\n<div style=\"margin:0px;FONT-FAMILY:'Arial Black';font-style:normal;font-variant:normal;font-weight:normal;line-height:normal;font-size-adjust:none;font-stretch:normal; -moz-font-feature-settings: normal; -moz-font-language-override: normal;\"><font size=\"4\"><i><b><font class=\"Apple-style-span\" color=\"#fe2c22\">Dernier rappel,&nbsp;<\/font><\/b><\/i><\/font><\/div>\n<p><font size=\"4\"><i> <\/i><\/font><\/p>\n<div style=\"margin:0px;FONT-FAMILY:'Arial Black';font-style:normal;font-variant:normal;font-weight:normal;line-height:normal;font-size-adjust:none;font-stretch:normal; -moz-font-feature-settings: normal; -moz-font-language-override: normal;\"><font size=\"4\"><i><b><font class=\"Apple-style-span\" color=\"#fe2c22\">que du bonheur avec les artistes qui vous proposent leurs cr\u00e9ations<\/font><\/b><\/i><\/font><\/div>\n<p><font size=\"4\"><i> <\/i><\/font><\/p>\n<div style=\"margin:0px;FONT-FAMILY:'Arial Black';font-style:normal;font-variant:normal;font-weight:normal;line-height:normal;font-size-adjust:none;font-stretch:normal; -moz-font-feature-settings: normal; -moz-font-language-override: normal;\"><font size=\"4\"><i><b><font class=\"Apple-style-span\" color=\"#fe2c22\">pour faire des achats de cadeaux artistiques, originaux et&nbsp;<\/font><font class=\"Apple-style-span\" color=\"#fe2c22\">uniques<\/font><font class=\"Apple-style-span\" color=\"#fe2c22\">.<\/font><\/b><\/i><\/font><\/div>\n<p><font size=\"4\"><i> <\/i><\/font><\/p>\n<div style=\"margin:0px;FONT-FAMILY:'Arial Black';font-style:normal;font-variant:normal;font-weight:normal;line-height:normal;font-size-adjust:none;font-stretch:normal; -moz-font-feature-settings: normal; -moz-font-language-override: normal;\"><font size=\"4\"><i><span style=\"font-family:Arial;letter-spacing:1px;\" class=\"Apple-style-span\"><b>  <br \/><\/b><\/span><\/i><\/font><\/div>\n<p><font size=\"4\"><i> <\/i><\/font><\/p>\n<div style=\"margin:0px;FONT-FAMILY:'Arial Black';font-style:normal;font-variant:normal;font-weight:normal;line-height:normal;font-size-adjust:none;font-stretch:normal; -moz-font-feature-settings: normal; -moz-font-language-override: normal;\"><font size=\"4\"><i><span style=\"font-family:Arial;letter-spacing:1px;\" class=\"Apple-style-span\"><b>&#8211; Eric Bertrand, divers bois pr\u00e9cieux tourn\u00e9s<\/b><\/span><\/i><\/font><\/div>\n<p><font size=\"4\"><i> <\/i><\/font><\/p>\n<div style=\"margin:0px;FONT-FAMILY:'Arial Black';font-style:normal;font-variant:normal;font-weight:normal;line-height:normal;font-size-adjust:none;font-stretch:normal; -moz-font-feature-settings: normal; -moz-font-language-override: normal;\">\n<div style=\"margin:0px;FONT-FAMILY:'Arial Black';font-style:normal;font-variant:normal;font-weight:normal;line-height:normal;font-size-adjust:none;font-stretch:normal; -moz-font-feature-settings: normal; -moz-font-language-override: normal;\"><font size=\"4\"><i><span style=\"letter-spacing:1px;\"><font class=\"Apple-style-span\" face=\"Arial\"><b>&#8211; Anne Canneel, sculptures en terre cuite &amp; infographies encadr\u00e9es<\/b><\/font><\/span><\/i><\/font>  <\/div>\n<div style=\"margin:0px;FONT-FAMILY:'Arial Black';font-style:normal;font-variant:normal;font-weight:normal;line-height:normal;font-size-adjust:none;font-stretch:normal; -moz-font-feature-settings: normal; -moz-font-language-override: normal;\"><font size=\"4\"><i><span style=\"letter-spacing:1px;\"><font class=\"Apple-style-span\" face=\"Arial\"><b>&#8211; Nadine Conreur, \u0153ufs &amp; boites d\u00e9cor\u00e9s<\/b><\/font><\/span><\/i><\/font>  <\/div>\n<div style=\"margin:0px;FONT-FAMILY:'Arial Black';font-style:normal;font-variant:normal;font-weight:normal;line-height:normal;font-size-adjust:none;font-stretch:normal; -moz-font-feature-settings: normal; -moz-font-language-override: normal;\"><font size=\"4\"><i><span style=\"letter-spacing:1px;\"><font class=\"Apple-style-span\" face=\"Arial\"><b>&#8211; Clothilde Dohet, patchwork<\/b><\/font><\/span><\/i><\/font>  <\/div>\n<div style=\"margin:0px;FONT-FAMILY:'Arial Black';font-style:normal;font-variant:normal;font-weight:normal;line-height:normal;font-size-adjust:none;font-stretch:normal; -moz-font-feature-settings: normal; -moz-font-language-override: normal;\"><font size=\"4\"><i><span style=\"letter-spacing:1px;\"><font class=\"Apple-style-span\" face=\"Arial\"><b>&#8211; Fran&ccedil;oise Fadeur, chapeaux &amp; manchons en tissus<\/b><\/font><\/span><\/i><\/font>  <\/div>\n<div style=\"margin:0px;FONT-FAMILY:'Arial Black';font-style:normal;font-variant:normal;font-weight:normal;line-height:normal;font-size-adjust:none;font-stretch:normal; -moz-font-feature-settings: normal; -moz-font-language-override: normal;\"><font size=\"4\"><i><font class=\"Apple-style-span\" face=\"Arial\"><span style=\"letter-spacing:1px;\"><b>&#8211; Grzegorz Gurgul, dalles en verre coul\u00e9&nbsp;<\/b><\/span><span style=\"letter-spacing:1px;\"><b>&#038;&nbsp;<\/b><\/span><span style=\"letter-spacing:1px;\" class=\"Apple-style-span\"><b>fer forg\u00e9<\/b><\/span><\/font><\/i><\/font>  <\/div>\n<div style=\"margin:0px;FONT-FAMILY:'Arial Black';font-style:normal;font-variant:normal;font-weight:normal;line-height:normal;font-size-adjust:none;font-stretch:normal; -moz-font-feature-settings: normal; -moz-font-language-override: normal;\"><font size=\"4\"><i><span style=\"letter-spacing:1px;\"><font class=\"Apple-style-span\" face=\"Arial\"><b>&#8211; Jean-Pierre Hendrickx, dessins &amp; objets d\u00e9cor\u00e9s<\/b><\/font><\/span><\/i><\/font>  <\/div>\n<div style=\"margin:0px;FONT-FAMILY:'Arial Black';font-style:normal;font-variant:normal;font-weight:normal;line-height:normal;font-size-adjust:none;font-stretch:normal; -moz-font-feature-settings: normal; -moz-font-language-override: normal;\"><font size=\"4\"><i><span style=\"letter-spacing:1px;\"><font class=\"Apple-style-span\" face=\"Arial\"><b>&#8211; Dominique Henreaux, patchwork<\/b><\/font><\/span><\/i><\/font>  <\/div>\n<div style=\"margin:0px;FONT-FAMILY:'Arial Black';font-style:normal;font-variant:normal;font-weight:normal;line-height:normal;font-size-adjust:none;font-stretch:normal; -moz-font-feature-settings: normal; -moz-font-language-override: normal;\"><font size=\"4\"><i><font class=\"Apple-style-span\" face=\"Arial\"><span style=\"letter-spacing:1px;\"><b>&#8211; Val\u00e9rie Hunin,<\/b><\/span>&nbsp;<span style=\"letter-spacing:1px;\" class=\"Apple-style-span\"><b>peintures \u00e0 l&rsquo;huile<\/b><\/span><span style=\"letter-spacing:1px;\" class=\"Apple-style-span\"><b>&nbsp;&amp; aquarelles<\/b><\/span><\/font><\/i><\/font>  <\/div>\n<div style=\"margin:0px;FONT-FAMILY:'Arial Black';font-style:normal;font-variant:normal;font-weight:normal;line-height:normal;font-size-adjust:none;font-stretch:normal; -moz-font-feature-settings: normal; -moz-font-language-override: normal;\"><font size=\"4\"><i><span style=\"letter-spacing:1px;\"><font class=\"Apple-style-span\" face=\"Arial\"><b>&#8211; Germaine Hurlet, porcelaine, argile &amp; raku<\/b><\/font><\/span><\/i><\/font>  <\/div>\n<div style=\"margin:0px;FONT-FAMILY:'Arial Black';font-style:normal;font-variant:normal;font-weight:normal;line-height:normal;font-size-adjust:none;font-stretch:normal; -moz-font-feature-settings: normal; -moz-font-language-override: normal;\"><font size=\"4\"><i><span style=\"letter-spacing:1px;\"><font class=\"Apple-style-span\" face=\"Arial\"><b>&#8211; Yvette Pintiaux, c\u00e9ramiques en terres cuites polies &amp; enfum\u00e9es<\/b><\/font><\/span><\/i><\/font>  <\/div>\n<div style=\"margin:0px;FONT-FAMILY:'Arial Black';font-style:normal;font-variant:normal;font-weight:normal;line-height:normal;font-size-adjust:none;font-stretch:normal; -moz-font-feature-settings: normal; -moz-font-language-override: normal;\"><font size=\"4\"><i><span style=\"letter-spacing:1px;\"><font class=\"Apple-style-span\" face=\"Arial\"><b>&#8211; Nicole Olyff, bijoux \u00e9maux &amp; petits personnages historiques<\/b><\/font><\/span><\/i><\/font>  <\/div>\n<div style=\"margin:0px;FONT-FAMILY:'Arial Black';font-style:normal;font-variant:normal;font-weight:normal;line-height:normal;font-size-adjust:none;font-stretch:normal; -moz-font-feature-settings: normal; -moz-font-language-override: normal;\"><font size=\"4\"><i><span style=\"letter-spacing:1px;\"><font class=\"Apple-style-span\" face=\"Arial\"><b>&#8211; Laure Quittelier, gravures<\/b><\/font><\/span><\/i><\/font>  <\/div>\n<div style=\"margin:0px;FONT-FAMILY:'Arial Black';font-style:normal;font-variant:normal;font-weight:normal;line-height:normal;font-size-adjust:none;font-stretch:normal; -moz-font-feature-settings: normal; -moz-font-language-override: normal;\"><font size=\"4\"><i><span style=\"letter-spacing:1px;\"><font class=\"Apple-style-span\" face=\"Arial\"><b>&#8211; Philippe R\u00e9my, aquarelles<\/b><\/font><\/span><\/i><\/font>  <\/div>\n<div style=\"margin:0px;FONT-FAMILY:'Arial Black';font-style:normal;font-variant:normal;font-weight:normal;line-height:normal;font-size-adjust:none;font-stretch:normal; -moz-font-feature-settings: normal; -moz-font-language-override: normal;\"><font size=\"4\"><i><span style=\"letter-spacing:1px;\"><font class=\"Apple-style-span\" face=\"Arial\"><b>&#8211; Annie Renier, bijoux &amp; c\u00e9ramiques diverses en gr\u00e8s &amp; en raku&nbsp;<\/b><\/font><\/span><\/i><\/font>  <\/div>\n<div style=\"margin:0px;FONT-FAMILY:'Arial Black';font-style:normal;font-variant:normal;font-weight:normal;line-height:normal;font-size-adjust:none;font-stretch:normal; -moz-font-feature-settings: normal; -moz-font-language-override: normal;\"><font size=\"4\"><i><span style=\"letter-spacing:1px;\"><font class=\"Apple-style-span\" face=\"Arial\"><b>&#8211; Monique Schaar, peintures \u00e0 l&rsquo;huile, petites maisons &amp; bouteilles d\u00e9cor\u00e9es<\/b><\/font><\/span><\/i><\/font>  <\/div>\n<div style=\"margin:0px;FONT-FAMILY:'Arial Black';font-style:normal;font-variant:normal;font-weight:normal;line-height:normal;font-size-adjust:none;font-stretch:normal; -moz-font-feature-settings: normal; -moz-font-language-override: normal;\"><font size=\"4\"><i><span style=\"letter-spacing:1px;\"><font class=\"Apple-style-span\" face=\"Arial\"><b>&#8211; Anne Schmitz, patchwork<\/b><\/font><\/span><\/i><\/font>  <\/div>\n<div style=\"margin:0px;FONT-FAMILY:'Arial Black';font-style:normal;font-variant:normal;font-weight:normal;line-height:normal;font-size-adjust:none;font-stretch:normal; -moz-font-feature-settings: normal; -moz-font-language-override: normal;\"><font size=\"4\"><i><span style=\"letter-spacing:1px;\"><font class=\"Apple-style-span\" face=\"Arial\"><b>&#8211; Fabienne S\u00e9leck, petits tapis, technique haute lisse<\/b><\/font><\/span><\/i><\/font>  <\/div>\n<div style=\"margin:0px;FONT-FAMILY:'Arial Black';font-style:normal;font-variant:normal;font-weight:normal;line-height:normal;font-size-adjust:none;font-stretch:normal; -moz-font-feature-settings: normal; -moz-font-language-override: normal;\"><font size=\"4\"><i><span style=\"letter-spacing:1px;\"><font class=\"Apple-style-span\" face=\"Arial\"><b>&#8211; Caroline Servais, bois &amp; fil de fer<\/b><\/font><\/span><\/i><\/font>  <\/div>\n<div style=\"margin:0px;FONT-FAMILY:'Arial Black';font-style:normal;font-variant:normal;font-weight:normal;line-height:normal;font-size-adjust:none;font-stretch:normal; -moz-font-feature-settings: normal; -moz-font-language-override: normal;\"><font size=\"4\"><i><font class=\"Apple-style-span\" face=\"Arial\"><span style=\"letter-spacing:1px;\"><b>&#8211; Albert Terken,<\/b><\/span>&nbsp;<span style=\"letter-spacing:1px;\" class=\"Apple-style-span\"><b>peintures \u00e0 l&rsquo;huile<\/b><\/span><span style=\"letter-spacing:1px;\" class=\"Apple-style-span\"><b>&nbsp;&amp; reproductions<\/b><\/span><\/font><\/i><\/font>  <\/div>\n<div style=\"margin:0px;FONT-FAMILY:'Arial Black';font-style:normal;font-variant:normal;font-weight:normal;line-height:normal;font-size-adjust:none;font-stretch:normal; -moz-font-feature-settings: normal; -moz-font-language-override: normal;\"><font size=\"4\"><i><span style=\"letter-spacing:1px;\"><font class=\"Apple-style-span\" face=\"Arial\"><b>&#8211; Ir\u00e8ne Tytgat, bijoux en papier<\/b><\/font><\/span><\/i><\/font>  <\/div>\n<\/div>\n<p align=\"center\"><img decoding=\"async\" src=\"\/A\/N\/D\/arbre20121208noel1musicadeon.jpg\" \/><\/p>\n","protected":false},"excerpt":{"rendered":"<p>Dernier rappel,&nbsp; que du bonheur avec les artistes qui vous proposent leurs cr\u00e9ations pour faire des achats de cadeaux artistiques, originaux et&nbsp;uniques. &#8211; Eric Bertrand,&#8230;<\/p>\n","protected":false},"author":1,"featured_media":0,"comment_status":"closed","ping_status":"open","sticky":false,"template":"","format":"standard","meta":[],"categories":[3],"tags":[5],"_links":{"self":[{"href":"http:\/\/www.musicadeon.com\/index.php\/wp-json\/wp\/v2\/posts\/3713"}],"collection":[{"href":"http:\/\/www.musicadeon.com\/index.php\/wp-json\/wp\/v2\/posts"}],"about":[{"href":"http:\/\/www.musicadeon.com\/index.php\/wp-json\/wp\/v2\/types\/post"}],"author":[{"embeddable":true,"href":"http:\/\/www.musicadeon.com\/index.php\/wp-json\/wp\/v2\/users\/1"}],"replies":[{"embeddable":true,"href":"http:\/\/www.musicadeon.com\/index.php\/wp-json\/wp\/v2\/comments?post=3713"}],"version-history":[{"count":0,"href":"http:\/\/www.musicadeon.com\/index.php\/wp-json\/wp\/v2\/posts\/3713\/revisions"}],"wp:attachment":[{"href":"http:\/\/www.musicadeon.com\/index.php\/wp-json\/wp\/v2\/media?parent=3713"}],"wp:term":[{"taxonomy":"category","embeddable":true,"href":"http:\/\/www.musicadeon.com\/index.php\/wp-json\/wp\/v2\/categories?post=3713"},{"taxonomy":"post_tag","embeddable":true,"href":"http:\/\/www.musicadeon.com\/index.php\/wp-json\/wp\/v2\/tags?post=3713"}],"curies":[{"name":"wp","href":"https:\/\/api.w.org\/{rel}","templated":true}]}}