{"id":3727,"date":"2013-01-12T01:00:00","date_gmt":"2013-01-12T00:00:00","guid":{"rendered":"http:\/\/www.musicadeon.com\/index.php\/2013\/01\/12\/societe-royale-dramatique-les-vrais-amis-theatre-en-wallon-a-malonne-du-18-au-20-janvier-2013\/"},"modified":"2013-01-12T01:00:00","modified_gmt":"2013-01-12T00:00:00","slug":"societe-royale-dramatique-les-vrais-amis-theatre-en-wallon-a-malonne-du-18-au-20-janvier-2013","status":"publish","type":"post","link":"http:\/\/www.musicadeon.com\/index.php\/2013\/01\/12\/societe-royale-dramatique-les-vrais-amis-theatre-en-wallon-a-malonne-du-18-au-20-janvier-2013\/","title":{"rendered":"Soci\u00e9t\u00e9 Royale Dramatique \u00ab&nbsp; Les Vrais Amis&nbsp;\u00bb Th\u00e9\u00e2tre en wallon \u00e0 Malonne  du 18 au 20 janvier 2013"},"content":{"rendered":"<p align=\"center\"> <img decoding=\"async\" src=\"\/A\/N\/D\/les2013vrais01amis19malonne1musicadeon.jpg\" \/><\/p>\n<div style=\"padding-left:2px;PADDING-RIGHT:2px;PADDING-TOP:2px\">\n<p style=\"TEXT-ALIGN:center\" class=\"ecx\" align=\"center\"><b><font color=\"black\" face=\"Comic Sans MS\" size=\"4\"><span style=\"font-family:'Comic Sans MS';FONT-SIZE:18px;font-weight:bold\" lang=\"fr-BE\">Prochain&nbsp; spectacle des Vrais Amis ! <\/span><\/font><\/b>  <\/p>\n<p style=\"TEXT-ALIGN:center\" class=\"ecx\" align=\"center\"><b><font color=\"black\" face=\"Comic Sans MS\" size=\"4\"><span style=\"font-family:'Comic Sans MS';FONT-SIZE:18px;font-weight:bold\" lang=\"fr-BE\"><span dir=\"ltr\"><\/span>le 18 janvier \u00e0 20h00<\/span><\/font><\/b>  <\/p>\n<p style=\"TEXT-ALIGN:center\" class=\"ecx\" align=\"center\"><b><font color=\"black\" face=\"Comic Sans MS\" size=\"4\"><span style=\"font-family:'Comic Sans MS';FONT-SIZE:18px;font-weight:bold\" lang=\"fr-BE\">le 19 janvier \u00e0 20h00<\/span><\/font><\/b>  <\/p>\n<p style=\"TEXT-ALIGN:center\" class=\"ecx\" align=\"center\"><b><font color=\"black\" face=\"Comic Sans MS\" size=\"4\"><span style=\"font-family:'Comic Sans MS';FONT-SIZE:18px;font-weight:bold\" lang=\"fr-BE\">le 20 janvier 2013 \u00e0 15h00<\/span><\/font><\/b>  <\/p>\n<div style=\"padding-left:2px;PADDING-RIGHT:2px;PADDING-TOP:2px\"><font color=\"black\" face=\"Comic Sans MS\" size=\"4\"><span style=\"font-family:'Comic Sans MS';FONT-SIZE:18px\" lang=\"fr-BE\"><font size=\"4\"><font face=\"Comic Sans MS\">&nbsp;&nbsp;&nbsp;&nbsp;&nbsp;&nbsp;&nbsp;&nbsp;&nbsp;&nbsp;&nbsp;&nbsp;&nbsp;&nbsp;&nbsp;&nbsp;&nbsp;&nbsp;&nbsp;&nbsp;&nbsp;&nbsp;&nbsp;&nbsp;&nbsp;&nbsp;&nbsp;&nbsp;&nbsp;&nbsp;&nbsp;&nbsp;&nbsp;&nbsp;&nbsp;&nbsp;&nbsp;&nbsp;&nbsp;&nbsp;&nbsp;&nbsp;&nbsp;&nbsp;&nbsp;&nbsp;&nbsp;&nbsp;&nbsp;&nbsp;&nbsp;&nbsp;&nbsp;&nbsp;&nbsp;&nbsp;&nbsp;&nbsp;&nbsp;&nbsp;&nbsp;&nbsp;&nbsp;&nbsp;&nbsp;&nbsp;&nbsp;&nbsp;&nbsp;&nbsp;&nbsp;&nbsp;&nbsp;&nbsp;&nbsp;&nbsp;&nbsp; &nbsp; &nbsp; &nbsp; <\/font><\/font>D\u00e8s maintenant, <\/span><\/font>    <\/p>\n<p style=\"TEXT-ALIGN:center\" class=\"ecx\" align=\"center\"><font color=\"black\" face=\"Comic Sans MS\" size=\"4\"><span style=\"font-family:'Comic Sans MS';FONT-SIZE:18px\" lang=\"fr-BE\">r\u00e9servez vos places !<\/span><\/font>    <\/p>\n<p style=\"TEXT-ALIGN:center\" class=\"ecx\" align=\"center\"><font color=\"black\" face=\"Comic Sans MS\" size=\"4\"><span style=\"font-family:'Comic Sans MS';FONT-SIZE:18px\" lang=\"fr-BE\"><\/span><\/font><font color=\"black\" face=\"Comic Sans MS\" size=\"4\"><span style=\"font-family:'Comic Sans MS';FONT-SIZE:18px\" lang=\"fr-BE\">Par t\u00e9l\u00e9phone<\/span><\/font>&nbsp;    <\/p>\n<div align=\"center\"><b><font color=\"black\" face=\"Comic Sans MS\" size=\"4\"><span style=\"font-family:'Comic Sans MS';FONT-SIZE:21px;font-weight:bold\" lang=\"fr-BE\"><font size=\"4\"><font face=\"Comic Sans MS\">&nbsp;&nbsp;&nbsp;&nbsp;&nbsp;&nbsp;&nbsp; <\/font><\/font>081-44.41.33<\/span><\/font><\/b>    <\/div>\n<p style=\"TEXT-ALIGN:center\" class=\"ecx\" align=\"center\"><font color=\"black\" face=\"Comic Sans MS\" size=\"4\"><span style=\"font-family:'Comic Sans MS';FONT-SIZE:18px\" lang=\"fr-BE\">par mail <\/span><\/font>    <\/p>\n<div align=\"center\"><font color=\"blue\"><font size=\"4\"><font face=\"Comic Sans MS\">&nbsp; &nbsp; &nbsp; &nbsp;<\/font><\/font><\/font>&nbsp; <font color=\"blue\" face=\"Comic Sans MS\" size=\"4\"><span style=\"font-family:'Comic Sans MS';COLOR:blue;FONT-SIZE:21px\" lang=\"fr-BE\"><a href=\"mailto:theatre@malonne.be\">theatre@malonne.be<\/a><\/span><\/font>    <\/div>\n<\/p><\/div>\n<p>&nbsp;  <\/p>\n<\/div>\n<p><\/p>\n<p align=\"center\"> <img decoding=\"async\" src=\"\/A\/N\/D\/les2013vrais01amis19malonne2musicadeon.jpg\" \/><\/p>\n<div style=\"padding-left:2px;PADDING-RIGHT:2px;PADDING-TOP:2px\">\n<p style=\"TEXT-JUSTIFY:newspaper;TEXT-ALIGN:justify;TEXT-KASHIDA-SPACE:50%\" class=\"ecx\" align=\"center\"><b><font color=\"black\" face=\"Comic Sans MS\" size=\"3\"><span style=\"font-family:'Comic Sans MS';FONT-SIZE:16px;font-weight:bold\" lang=\"fr-BE\">&nbsp;&nbsp;&nbsp;&nbsp;&nbsp;&nbsp;&nbsp;&nbsp;&nbsp;&nbsp;&nbsp;&nbsp;&nbsp;&nbsp;&nbsp;&nbsp;&nbsp;&nbsp;&nbsp;&nbsp;&nbsp;&nbsp;&nbsp;&nbsp;&nbsp;&nbsp;&nbsp;&nbsp;&nbsp;&nbsp;&nbsp;&nbsp;&nbsp;&nbsp;&nbsp;&nbsp;&nbsp;&nbsp;&nbsp;&nbsp;&nbsp;&nbsp;&nbsp;&nbsp;&nbsp;&nbsp;&nbsp;&nbsp;&nbsp;&nbsp;&nbsp;&nbsp;&nbsp;&nbsp;&nbsp;&nbsp;&nbsp;&nbsp;&nbsp;&nbsp;&nbsp;&nbsp;&nbsp;&nbsp; A propos de la pi\u00e8ce :<\/span><\/font><\/b>  <\/p>\n<p style=\"TEXT-JUSTIFY:newspaper;TEXT-ALIGN:justify;TEXT-KASHIDA-SPACE:50%\" class=\"ecx\" align=\"center\"><font color=\"black\" face=\"Comic Sans MS\" size=\"3\"><span style=\"font-family:'Comic Sans MS';FONT-SIZE:16px\" lang=\"fr-BE\">&nbsp;&nbsp;&nbsp;&nbsp;&nbsp;&nbsp;&nbsp;&nbsp;&nbsp;&nbsp;&nbsp;&nbsp;&nbsp;&nbsp;&nbsp;&nbsp;&nbsp;&nbsp;&nbsp;&nbsp;&nbsp;&nbsp;&nbsp;&nbsp;&nbsp;&nbsp;&nbsp;&nbsp;&nbsp;&nbsp;&nbsp;&nbsp;&nbsp;&nbsp;&nbsp;&nbsp;&nbsp;&nbsp;&nbsp;&nbsp;&nbsp;&nbsp;&nbsp;&nbsp;&nbsp;<font size=\"4\"> Riches bourgeois, Riy\u00e8te et Gaston ont tout pour \u00eatre heureux. <\/font><\/span><\/font>  <\/p>\n<p style=\"TEXT-JUSTIFY:newspaper;TEXT-ALIGN:justify;TEXT-KASHIDA-SPACE:50%\" class=\"ecx\" align=\"center\"><font color=\"black\" face=\"Comic Sans MS\" size=\"4\"><span style=\"font-family:'Comic Sans MS';\" lang=\"fr-BE\">&nbsp;&nbsp;&nbsp;&nbsp;&nbsp;&nbsp;&nbsp;&nbsp;&nbsp;&nbsp;&nbsp;&nbsp;&nbsp;&nbsp;&nbsp;&nbsp;&nbsp;&nbsp;&nbsp;&nbsp;<font face=\"Comic Sans MS\"><\/font>Leurs deux enfants leur posent bien quelques probl\u00e8mes, mais leur souci principal est, <\/span><\/font>  <\/p>\n<p style=\"TEXT-JUSTIFY:newspaper;TEXT-ALIGN:justify;TEXT-KASHIDA-SPACE:50%\" class=\"ecx\" align=\"center\"><font color=\"black\" face=\"Comic Sans MS\" size=\"4\"><span style=\"font-family:'Comic Sans MS';\" lang=\"fr-BE\">&nbsp;&nbsp;&nbsp;&nbsp;&nbsp;&nbsp;&nbsp;&nbsp;&nbsp;&nbsp;&nbsp;&nbsp;&nbsp;&nbsp;&nbsp;&nbsp;&nbsp;&nbsp;&nbsp;&nbsp;&nbsp;&nbsp;&nbsp;&nbsp;&nbsp; pour l\u2019heure, de trouver une bonne qui reste plus de 4 jours \u00e0 leur service ! <\/span><\/font>  <\/p>\n<p style=\"TEXT-JUSTIFY:newspaper;TEXT-ALIGN:justify;TEXT-KASHIDA-SPACE:50%\" class=\"ecx\" align=\"center\"><font color=\"black\" face=\"Comic Sans MS\" size=\"4\"><span style=\"font-family:'Comic Sans MS';\" lang=\"fr-BE\">&nbsp;&nbsp;&nbsp;&nbsp;&nbsp;&nbsp;&nbsp;&nbsp;&nbsp;&nbsp;&nbsp;&nbsp;&nbsp;&nbsp;&nbsp;&nbsp;&nbsp;&nbsp;&nbsp; Et voil\u00e0 qu\u2019arrive D\u00e8d\u00e8le, la perle rare qui s\u2019affirme voyante et le prouve ! Ses r\u00e9v\u00e9lations, <\/span><\/font>  <\/p>\n<p style=\"TEXT-JUSTIFY:newspaper;TEXT-ALIGN:justify;TEXT-KASHIDA-SPACE:50%\" class=\"ecx\" align=\"center\"><font color=\"black\" face=\"Comic Sans MS\" size=\"4\"><span style=\"font-family:'Comic Sans MS';\" lang=\"fr-BE\">&nbsp;&nbsp;&nbsp;&nbsp;&nbsp;&nbsp;&nbsp;&nbsp;&nbsp;&nbsp;&nbsp;&nbsp;&nbsp;&nbsp;&nbsp;&nbsp;&nbsp;&nbsp;&nbsp;&nbsp; surtout les plus secr\u00e8tes, bouleverseront<font size=\"4\"><font face=\"Comic Sans MS\"> <\/font><\/font>toute la famille et son franc-parler&nbsp;&nbsp;&nbsp; <\/span><\/font>  <\/p>\n<p style=\"TEXT-JUSTIFY:newspaper;TEXT-ALIGN:justify;TEXT-KASHIDA-SPACE:50%\" class=\"ecx\" align=\"center\"><font color=\"black\" face=\"Comic Sans MS\" size=\"4\"><span style=\"font-family:'Comic Sans MS';\" lang=\"fr-BE\">&nbsp;&nbsp;&nbsp;&nbsp;&nbsp;&nbsp;&nbsp;&nbsp;&nbsp;&nbsp;&nbsp;&nbsp;&nbsp;&nbsp;&nbsp;&nbsp;&nbsp;&nbsp;&nbsp;&nbsp;&nbsp;&nbsp;&nbsp;&nbsp;&nbsp;&nbsp;&nbsp;&nbsp;&nbsp;&nbsp;&nbsp;&nbsp;&nbsp;&nbsp;&nbsp;&nbsp;&nbsp;&nbsp;&nbsp;&nbsp;&nbsp; d\u00e9sorganisera&nbsp;<font size=\"4\"><font face=\"Comic Sans MS\"><\/font><\/font>ra<font size=\"4\"><font face=\"Comic Sans MS\">pidement<\/font><\/font> la vie de celle-ci ! <\/span><\/font>  <\/p>\n<p style=\"TEXT-JUSTIFY:newspaper;TEXT-ALIGN:justify;TEXT-KASHIDA-SPACE:50%\" class=\"ecx\" align=\"center\"><font color=\"black\" face=\"Comic Sans MS\" size=\"4\"><span style=\"font-family:'Comic Sans MS';\" lang=\"fr-BE\">&nbsp;&nbsp;&nbsp;&nbsp;&nbsp;&nbsp;&nbsp;&nbsp;&nbsp;&nbsp;&nbsp;&nbsp;&nbsp;&nbsp;&nbsp;&nbsp;&nbsp;&nbsp;&nbsp;&nbsp;&nbsp;&nbsp;&nbsp;&nbsp;&nbsp;&nbsp;&nbsp;&nbsp;&nbsp;&nbsp;&nbsp;&nbsp;&nbsp; De rire en quiproquos, le public ne manquera pas de se divertir ! <\/span><\/font>  <\/p>\n<div align=\"center\"><span class=\"ecxHOEnZb\"><font color=\"#888888\"><span><\/span><\/font><\/span>  <\/div>\n<\/div>\n<p align=\"center\">&nbsp;<\/p>\n","protected":false},"excerpt":{"rendered":"<p>Prochain&nbsp; spectacle des Vrais Amis ! le 18 janvier \u00e0 20h00 le 19 janvier \u00e0 20h00 le 20 janvier 2013 \u00e0 15h00 &nbsp;&nbsp;&nbsp;&nbsp;&nbsp;&nbsp;&nbsp;&nbsp;&nbsp;&nbsp;&nbsp;&nbsp;&nbsp;&nbsp;&nbsp;&nbsp;&nbsp;&nbsp;&nbsp;&nbsp;&nbsp;&nbsp;&nbsp;&nbsp;&nbsp;&nbsp;&nbsp;&nbsp;&nbsp;&nbsp;&nbsp;&nbsp;&nbsp;&nbsp;&nbsp;&nbsp;&nbsp;&nbsp;&nbsp;&nbsp;&nbsp;&nbsp;&nbsp;&nbsp;&nbsp;&nbsp;&nbsp;&nbsp;&nbsp;&nbsp;&nbsp;&nbsp;&nbsp;&nbsp;&nbsp;&nbsp;&nbsp;&nbsp;&nbsp;&nbsp;&nbsp;&nbsp;&nbsp;&nbsp;&nbsp;&nbsp;&nbsp;&nbsp;&nbsp;&nbsp;&nbsp;&nbsp;&nbsp;&nbsp;&nbsp;&nbsp;&nbsp; &nbsp; &nbsp;&#8230;<\/p>\n","protected":false},"author":1,"featured_media":0,"comment_status":"closed","ping_status":"open","sticky":false,"template":"","format":"standard","meta":[],"categories":[3],"tags":[5],"_links":{"self":[{"href":"http:\/\/www.musicadeon.com\/index.php\/wp-json\/wp\/v2\/posts\/3727"}],"collection":[{"href":"http:\/\/www.musicadeon.com\/index.php\/wp-json\/wp\/v2\/posts"}],"about":[{"href":"http:\/\/www.musicadeon.com\/index.php\/wp-json\/wp\/v2\/types\/post"}],"author":[{"embeddable":true,"href":"http:\/\/www.musicadeon.com\/index.php\/wp-json\/wp\/v2\/users\/1"}],"replies":[{"embeddable":true,"href":"http:\/\/www.musicadeon.com\/index.php\/wp-json\/wp\/v2\/comments?post=3727"}],"version-history":[{"count":0,"href":"http:\/\/www.musicadeon.com\/index.php\/wp-json\/wp\/v2\/posts\/3727\/revisions"}],"wp:attachment":[{"href":"http:\/\/www.musicadeon.com\/index.php\/wp-json\/wp\/v2\/media?parent=3727"}],"wp:term":[{"taxonomy":"category","embeddable":true,"href":"http:\/\/www.musicadeon.com\/index.php\/wp-json\/wp\/v2\/categories?post=3727"},{"taxonomy":"post_tag","embeddable":true,"href":"http:\/\/www.musicadeon.com\/index.php\/wp-json\/wp\/v2\/tags?post=3727"}],"curies":[{"name":"wp","href":"https:\/\/api.w.org\/{rel}","templated":true}]}}