{"id":3729,"date":"2013-01-15T01:00:00","date_gmt":"2013-01-15T00:00:00","guid":{"rendered":"http:\/\/www.musicadeon.com\/index.php\/2013\/01\/15\/concert-ttr-m-a-liege-le-8-fevrier-2013\/"},"modified":"2013-01-15T01:00:00","modified_gmt":"2013-01-15T00:00:00","slug":"concert-ttr-m-a-liege-le-8-fevrier-2013","status":"publish","type":"post","link":"http:\/\/www.musicadeon.com\/index.php\/2013\/01\/15\/concert-ttr-m-a-liege-le-8-fevrier-2013\/","title":{"rendered":"Concert TTR-M \u00e0 Li\u00e8ge le 8 f\u00e9vrier 2013"},"content":{"rendered":"<p align=\"center\"> <img decoding=\"async\" src=\"\/A\/N\/D\/ttr1m20130208musicadeon.jpg\" \/><\/p>\n<p align=\"center\"><a href=\"http:\/\/www.tributetorosemary.be\/\"><b><font size=\"4\">http:\/\/www.tributetorosemary.be\/ <\/font><\/b><\/a><\/p>\n<p align=\"center\"><b>Le vendredi 8 f\u00e9vrier \u00e0 21H00 au Bal \u00e0 Bar (m\u00e9diacit\u00e9) \u00e0 Li\u00e8ge (Belgique)<\/b>  <\/p>\n","protected":false},"excerpt":{"rendered":"<p>http:\/\/www.tributetorosemary.be\/ Le vendredi 8 f\u00e9vrier \u00e0 21H00 au Bal \u00e0 Bar (m\u00e9diacit\u00e9) \u00e0 Li\u00e8ge (Belgique)<\/p>\n","protected":false},"author":1,"featured_media":0,"comment_status":"closed","ping_status":"open","sticky":false,"template":"","format":"standard","meta":[],"categories":[3],"tags":[5],"_links":{"self":[{"href":"http:\/\/www.musicadeon.com\/index.php\/wp-json\/wp\/v2\/posts\/3729"}],"collection":[{"href":"http:\/\/www.musicadeon.com\/index.php\/wp-json\/wp\/v2\/posts"}],"about":[{"href":"http:\/\/www.musicadeon.com\/index.php\/wp-json\/wp\/v2\/types\/post"}],"author":[{"embeddable":true,"href":"http:\/\/www.musicadeon.com\/index.php\/wp-json\/wp\/v2\/users\/1"}],"replies":[{"embeddable":true,"href":"http:\/\/www.musicadeon.com\/index.php\/wp-json\/wp\/v2\/comments?post=3729"}],"version-history":[{"count":0,"href":"http:\/\/www.musicadeon.com\/index.php\/wp-json\/wp\/v2\/posts\/3729\/revisions"}],"wp:attachment":[{"href":"http:\/\/www.musicadeon.com\/index.php\/wp-json\/wp\/v2\/media?parent=3729"}],"wp:term":[{"taxonomy":"category","embeddable":true,"href":"http:\/\/www.musicadeon.com\/index.php\/wp-json\/wp\/v2\/categories?post=3729"},{"taxonomy":"post_tag","embeddable":true,"href":"http:\/\/www.musicadeon.com\/index.php\/wp-json\/wp\/v2\/tags?post=3729"}],"curies":[{"name":"wp","href":"https:\/\/api.w.org\/{rel}","templated":true}]}}