{"id":3738,"date":"2013-02-01T01:00:00","date_gmt":"2013-02-01T00:00:00","guid":{"rendered":"http:\/\/www.musicadeon.com\/index.php\/2013\/02\/01\/a-vos-agendas-06-10-2013\/"},"modified":"2013-02-01T01:00:00","modified_gmt":"2013-02-01T00:00:00","slug":"a-vos-agendas-06-10-2013","status":"publish","type":"post","link":"http:\/\/www.musicadeon.com\/index.php\/2013\/02\/01\/a-vos-agendas-06-10-2013\/","title":{"rendered":"\u00c0 vos agendas (06-10-2013)"},"content":{"rendered":"<p>Le dimanche 6 octobre Festival de l&rsquo;accord\u00e9on \u00e0 \u00ab\u00a0les mazures\u00a0\u00bb (France) avec la princesse de l&rsquo;accord\u00e9on <a href=\"http:\/\/www.erika.be\" target=\"_blank\" rel=\"noopener noreferrer\">Erika<\/a>, Michel Pruvot, Andr\u00e9 Loppe, F Th\u00e9o, Cyril et Anne Marie (danseur de P Sevran) Info: 0032(0)475205804<\/p>\n","protected":false},"excerpt":{"rendered":"<p>Le dimanche 6 octobre Festival de l&rsquo;accord\u00e9on \u00e0 \u00ab\u00a0les mazures\u00a0\u00bb (France) avec la princesse de l&rsquo;accord\u00e9on Erika, Michel Pruvot, Andr\u00e9 Loppe, F Th\u00e9o, Cyril et&#8230;<\/p>\n","protected":false},"author":1,"featured_media":0,"comment_status":"closed","ping_status":"open","sticky":false,"template":"","format":"standard","meta":[],"categories":[1],"tags":[],"_links":{"self":[{"href":"http:\/\/www.musicadeon.com\/index.php\/wp-json\/wp\/v2\/posts\/3738"}],"collection":[{"href":"http:\/\/www.musicadeon.com\/index.php\/wp-json\/wp\/v2\/posts"}],"about":[{"href":"http:\/\/www.musicadeon.com\/index.php\/wp-json\/wp\/v2\/types\/post"}],"author":[{"embeddable":true,"href":"http:\/\/www.musicadeon.com\/index.php\/wp-json\/wp\/v2\/users\/1"}],"replies":[{"embeddable":true,"href":"http:\/\/www.musicadeon.com\/index.php\/wp-json\/wp\/v2\/comments?post=3738"}],"version-history":[{"count":0,"href":"http:\/\/www.musicadeon.com\/index.php\/wp-json\/wp\/v2\/posts\/3738\/revisions"}],"wp:attachment":[{"href":"http:\/\/www.musicadeon.com\/index.php\/wp-json\/wp\/v2\/media?parent=3738"}],"wp:term":[{"taxonomy":"category","embeddable":true,"href":"http:\/\/www.musicadeon.com\/index.php\/wp-json\/wp\/v2\/categories?post=3738"},{"taxonomy":"post_tag","embeddable":true,"href":"http:\/\/www.musicadeon.com\/index.php\/wp-json\/wp\/v2\/tags?post=3738"}],"curies":[{"name":"wp","href":"https:\/\/api.w.org\/{rel}","templated":true}]}}