{"id":3741,"date":"2013-02-15T01:00:00","date_gmt":"2013-02-15T00:00:00","guid":{"rendered":"http:\/\/www.musicadeon.com\/index.php\/2013\/02\/15\/3eme-festival-de-laccordeon-a-icourt-belgique\/"},"modified":"2013-02-15T01:00:00","modified_gmt":"2013-02-15T00:00:00","slug":"3eme-festival-de-laccordeon-a-icourt-belgique","status":"publish","type":"post","link":"http:\/\/www.musicadeon.com\/index.php\/2013\/02\/15\/3eme-festival-de-laccordeon-a-icourt-belgique\/","title":{"rendered":"3\u00e8me Festival de l&rsquo;Accord\u00e9on \u00e0 Icourt (Belgique)"},"content":{"rendered":"<p><P align=center><IMG src=\"\/A\/N\/D\/Incourt20130323festival1musicadeon.jpg\"><\/P><P align=center><IMG src=\"\/A\/N\/D\/incourt20130323accordeon1festival1musicadeon.jpg\"><\/P><P align=center><IMG src=\"\/A\/N\/D\/incourt20130323accordeon1festival2musicadeon.jpg\"><\/P><P align=center><IMG src=\"\/A\/N\/D\/incourt20130323accordeon1festival3musicadeon.jpg\"><\/P><P align=center><IMG src=\"\/A\/N\/D\/incourt20130323accordeon1festival4musicadeon.jpg\"><\/P><P align=center><IMG src=\"\/A\/N\/D\/incourt20130323accordeon1festival5musicadeon.jpg\"><\/P><P align=center><IMG src=\"\/A\/N\/D\/incourt20130323accordeon1festival6musicadeon.jpg\"><\/P><P align=center><IMG src=\"\/A\/N\/D\/incourt20130323accordeon1festival7musicadeon.jpg\"><\/P><P align=center><IMG src=\"\/A\/N\/D\/incourt20130323accordeon1festival8musicadeon.jpg\"><\/P><\/p>\n","protected":false},"excerpt":{"rendered":"","protected":false},"author":1,"featured_media":0,"comment_status":"closed","ping_status":"open","sticky":false,"template":"","format":"standard","meta":[],"categories":[3],"tags":[5],"_links":{"self":[{"href":"http:\/\/www.musicadeon.com\/index.php\/wp-json\/wp\/v2\/posts\/3741"}],"collection":[{"href":"http:\/\/www.musicadeon.com\/index.php\/wp-json\/wp\/v2\/posts"}],"about":[{"href":"http:\/\/www.musicadeon.com\/index.php\/wp-json\/wp\/v2\/types\/post"}],"author":[{"embeddable":true,"href":"http:\/\/www.musicadeon.com\/index.php\/wp-json\/wp\/v2\/users\/1"}],"replies":[{"embeddable":true,"href":"http:\/\/www.musicadeon.com\/index.php\/wp-json\/wp\/v2\/comments?post=3741"}],"version-history":[{"count":0,"href":"http:\/\/www.musicadeon.com\/index.php\/wp-json\/wp\/v2\/posts\/3741\/revisions"}],"wp:attachment":[{"href":"http:\/\/www.musicadeon.com\/index.php\/wp-json\/wp\/v2\/media?parent=3741"}],"wp:term":[{"taxonomy":"category","embeddable":true,"href":"http:\/\/www.musicadeon.com\/index.php\/wp-json\/wp\/v2\/categories?post=3741"},{"taxonomy":"post_tag","embeddable":true,"href":"http:\/\/www.musicadeon.com\/index.php\/wp-json\/wp\/v2\/tags?post=3741"}],"curies":[{"name":"wp","href":"https:\/\/api.w.org\/{rel}","templated":true}]}}