{"id":3763,"date":"2013-06-22T02:00:00","date_gmt":"2013-06-22T00:00:00","guid":{"rendered":"http:\/\/www.musicadeon.com\/index.php\/2013\/06\/22\/a-vos-agendas-22-09-2013\/"},"modified":"2013-06-22T02:00:00","modified_gmt":"2013-06-22T00:00:00","slug":"a-vos-agendas-22-09-2013","status":"publish","type":"post","link":"http:\/\/www.musicadeon.com\/index.php\/2013\/06\/22\/a-vos-agendas-22-09-2013\/","title":{"rendered":"\u00c0 vos agendas (22-09-2013)"},"content":{"rendered":"<p>Le dimanche 22 septembre 2013 \u00e0 12h00  (CROISIERE) \u00e0 Gand (Belgique) retrouvez la princesse de l&rsquo;accord\u00e9on Erika Info: 0032(0)475.20.58.04<\/p>\n","protected":false},"excerpt":{"rendered":"<p>Le dimanche 22 septembre 2013 \u00e0 12h00 (CROISIERE) \u00e0 Gand (Belgique) retrouvez la princesse de l&rsquo;accord\u00e9on Erika Info: 0032(0)475.20.58.04<\/p>\n","protected":false},"author":1,"featured_media":0,"comment_status":"closed","ping_status":"open","sticky":false,"template":"","format":"standard","meta":[],"categories":[1],"tags":[],"_links":{"self":[{"href":"http:\/\/www.musicadeon.com\/index.php\/wp-json\/wp\/v2\/posts\/3763"}],"collection":[{"href":"http:\/\/www.musicadeon.com\/index.php\/wp-json\/wp\/v2\/posts"}],"about":[{"href":"http:\/\/www.musicadeon.com\/index.php\/wp-json\/wp\/v2\/types\/post"}],"author":[{"embeddable":true,"href":"http:\/\/www.musicadeon.com\/index.php\/wp-json\/wp\/v2\/users\/1"}],"replies":[{"embeddable":true,"href":"http:\/\/www.musicadeon.com\/index.php\/wp-json\/wp\/v2\/comments?post=3763"}],"version-history":[{"count":0,"href":"http:\/\/www.musicadeon.com\/index.php\/wp-json\/wp\/v2\/posts\/3763\/revisions"}],"wp:attachment":[{"href":"http:\/\/www.musicadeon.com\/index.php\/wp-json\/wp\/v2\/media?parent=3763"}],"wp:term":[{"taxonomy":"category","embeddable":true,"href":"http:\/\/www.musicadeon.com\/index.php\/wp-json\/wp\/v2\/categories?post=3763"},{"taxonomy":"post_tag","embeddable":true,"href":"http:\/\/www.musicadeon.com\/index.php\/wp-json\/wp\/v2\/tags?post=3763"}],"curies":[{"name":"wp","href":"https:\/\/api.w.org\/{rel}","templated":true}]}}