{"id":3764,"date":"2013-06-24T02:00:00","date_gmt":"2013-06-24T00:00:00","guid":{"rendered":"http:\/\/www.musicadeon.com\/index.php\/2013\/06\/24\/a-vos-agendas-10-08-2013\/"},"modified":"2013-06-24T02:00:00","modified_gmt":"2013-06-24T00:00:00","slug":"a-vos-agendas-10-08-2013","status":"publish","type":"post","link":"http:\/\/www.musicadeon.com\/index.php\/2013\/06\/24\/a-vos-agendas-10-08-2013\/","title":{"rendered":"\u00c0 vos agendas (10-08-2013)"},"content":{"rendered":"<p>L&rsquo;\u00e9mission \u00ab\u00a0Sur un air d&rsquo;Accord\u00e9on\u00a0\u00bb Enregistr\u00e9e avec La princesse de l&rsquo;accord\u00e9on <a href=\"http:\/\/www.erika.be\" target=\"_blank\" rel=\"noopener noreferrer\">Erika<\/a> en juin 2012 \u00e0 Barry en Belgique passera , dans un premier temps , le SAMEDI 10 AOUT 2013 sur WEOEn pi\u00e8ce jointe comment recevoir WEO&#8230;. www.weo.fr ou taper dans votre moteur de recherche voir weo en direct et vous connecter quand vous voulez regarder les \u00e9missions de \u00ab\u00a0Sur un air d &lsquo;accord\u00e9on\u00a0\u00bbDIFFUSION DE L EMISSION :1\u00e8re diffusion le SAMEDI \u00e0 17H30Rediffusions dans la semaine : DIMANCHE 17H \/ LUNDI 17H30 \/ MARDI 14H \/ MERCREDI 15H30Merci de faire passer l&rsquo;info \u00e0 vos amis, fans, presse r\u00e9gionale &#8230;.Encore Merci pour votre participation et \u00e0 bient\u00f4t,Cordialement,La princesse de l&rsquo;accord\u00e9on Erika Accord\u00e9on Bis<\/p>\n","protected":false},"excerpt":{"rendered":"<p>L&rsquo;\u00e9mission \u00ab\u00a0Sur un air d&rsquo;Accord\u00e9on\u00a0\u00bb Enregistr\u00e9e avec La princesse de l&rsquo;accord\u00e9on Erika en juin 2012 \u00e0 Barry en Belgique passera , dans un premier temps&#8230;<\/p>\n","protected":false},"author":1,"featured_media":0,"comment_status":"closed","ping_status":"open","sticky":false,"template":"","format":"standard","meta":[],"categories":[1],"tags":[],"_links":{"self":[{"href":"http:\/\/www.musicadeon.com\/index.php\/wp-json\/wp\/v2\/posts\/3764"}],"collection":[{"href":"http:\/\/www.musicadeon.com\/index.php\/wp-json\/wp\/v2\/posts"}],"about":[{"href":"http:\/\/www.musicadeon.com\/index.php\/wp-json\/wp\/v2\/types\/post"}],"author":[{"embeddable":true,"href":"http:\/\/www.musicadeon.com\/index.php\/wp-json\/wp\/v2\/users\/1"}],"replies":[{"embeddable":true,"href":"http:\/\/www.musicadeon.com\/index.php\/wp-json\/wp\/v2\/comments?post=3764"}],"version-history":[{"count":0,"href":"http:\/\/www.musicadeon.com\/index.php\/wp-json\/wp\/v2\/posts\/3764\/revisions"}],"wp:attachment":[{"href":"http:\/\/www.musicadeon.com\/index.php\/wp-json\/wp\/v2\/media?parent=3764"}],"wp:term":[{"taxonomy":"category","embeddable":true,"href":"http:\/\/www.musicadeon.com\/index.php\/wp-json\/wp\/v2\/categories?post=3764"},{"taxonomy":"post_tag","embeddable":true,"href":"http:\/\/www.musicadeon.com\/index.php\/wp-json\/wp\/v2\/tags?post=3764"}],"curies":[{"name":"wp","href":"https:\/\/api.w.org\/{rel}","templated":true}]}}