{"id":3781,"date":"2013-08-04T02:00:00","date_gmt":"2013-08-04T00:00:00","guid":{"rendered":"http:\/\/www.musicadeon.com\/index.php\/2013\/08\/04\/2eme-festival-daccordeon\/"},"modified":"2013-08-04T02:00:00","modified_gmt":"2013-08-04T00:00:00","slug":"2eme-festival-daccordeon","status":"publish","type":"post","link":"http:\/\/www.musicadeon.com\/index.php\/2013\/08\/04\/2eme-festival-daccordeon\/","title":{"rendered":"2\u00e8me festival d&rsquo;accord\u00e9on"},"content":{"rendered":"<p>La salle (L&rsquo;ESPERANCE) en collaboration avec l&rsquo;Asbl S.P.T.J.A. organise le 2\u00e8me festival d&rsquo;accord\u00e9on le dimanche 27 octobre 2013 \u00e0 14h00 en la salle (ESPERANCE) \u00e0 Pondrome (Belgique) retrouvez la princesse de l&rsquo;accord\u00e9on Erika avec son orchestre, Olivier Verdi, Alexis Labarri\u00e8re, Dany Daniel Info: 0032(0)475.20.58.04 ou 0032(0)472.74.12.83<\/p>\n<\/p>\n<p><p><u><span style=\"font-size:18.0pt;line-HEIGHT:115%\" lang=\"FR-BE\"><span style=\"COLOR:rgb(255, 175, 16);\"><b>Logement \u00e0 BEAURAING pour le festival<\/b><\/span>    <br \/><\/span><\/u>  <\/p>\n<p><span lang=\"FR-BE\">&nbsp;<\/span>  <\/p>\n<p><strong style=\"\"><span style=\"font-size:16.0pt;line-height:115%\" lang=\"FR-BE\">H\u00f4tel IRIS AUBEPINE<span style=\"\">&nbsp; <\/span>au centre de Beauraing<\/span><\/b>  <\/p>\n<p><span lang=\"FR-BE\">Rue de Rochefort 27 \u00e0 5570 BEAURAING<\/span>  <\/p>\n<p><strong style=\"\"><span style=\"font-size:14.0pt;line-height:115%\" lang=\"FR-BE\">TeL&nbsp;<span style=\"\">&nbsp; <\/span>: <span style=\"\">&nbsp;<\/span>+32(0)82 224.500<\/span><\/b>  <\/p>\n<p><strong style=\"\"><span style=\"font-size:14.0pt;line-height:115%\" lang=\"FR-BE\">Fax&nbsp;: +32(0)82.223.301.<span style=\"\">&nbsp;&nbsp;&nbsp;&nbsp;&nbsp;&nbsp;&nbsp;&nbsp;&nbsp;&nbsp;&nbsp;&nbsp;&nbsp;&nbsp;&nbsp;&nbsp;&nbsp;&nbsp;&nbsp;&nbsp;&nbsp;&nbsp;&nbsp;&nbsp;&nbsp;&nbsp;&nbsp;&nbsp;&nbsp;&nbsp;&nbsp;&nbsp;&nbsp;&nbsp;&nbsp; <\/span>e-mail&nbsp;: <\/span><\/b><span lang=\"FR-BE\"><a href=\"mailto:aub%E9pine@irishotels.be\"><strong style=\"\"><span style=\"font-size:14.0pt;line-HEIGHT:115%\">aub\u00e9pine@irishotels.be<\/span><\/b><\/a><\/span><strong style=\"\"><span style=\"font-size:14.0pt;line-height:115%\" lang=\"FR-BE\"><\/span><\/b>  <\/p>\n<p><span lang=\"FR-BE\"><a href=\"http:\/\/www.irishotels.be\/\"><strong style=\"\"><span style=\"font-size:14.0pt;line-HEIGHT:115%\">http:\/\/www.irishotels.be<\/span><\/b><\/a><\/span><strong style=\"\"><span style=\"font-size:14.0pt;line-height:115%\" lang=\"FR-BE\"><span style=\"\">&nbsp;&nbsp;&nbsp;&nbsp;&nbsp;&nbsp;&nbsp; <\/span>cliquer sur Aub\u00e9pine pour la suite<\/span><\/b>  <\/p>\n<p><strong style=\"\"><span style=\"font-size:14.0pt;line-height:115%\" lang=\"FR-BE\">Chambre single<span style=\"\">&nbsp;&nbsp;&nbsp;&nbsp;&nbsp;&nbsp;&nbsp;&nbsp;&nbsp;&nbsp;&nbsp;&nbsp;&nbsp;&nbsp;&nbsp;&nbsp; <\/span>50 \u20ac<\/span><\/b>  <\/p>\n<p><strong style=\"\"><span style=\"font-size:14.0pt;line-height:115%\" lang=\"FR-BE\">Chambre double<span style=\"\">&nbsp;&nbsp; <\/span><span style=\"\">&nbsp;&nbsp;&nbsp;&nbsp;&nbsp;&nbsp;&nbsp;&nbsp;&nbsp;&nbsp;&nbsp; <\/span>65 \u20ac<a name=\"_GoBack\"><\/a><\/span><\/b>  <\/p>\n<p><strong style=\"\"><span style=\"font-size:14.0pt;line-height:115%\" lang=\"FR-BE\">Chambre triple <span style=\"\">&nbsp;&nbsp;&nbsp;&nbsp;&nbsp;&nbsp;&nbsp;&nbsp;&nbsp;&nbsp;&nbsp;&nbsp;&nbsp;&nbsp;&nbsp; <\/span>85 \u20ac<\/span><\/b>  <\/p>\n<p><strong style=\"\"><span style=\"font-size:14.0pt;line-height:115%\" lang=\"FR-BE\">Chambre quadruple<span style=\"\">&nbsp;&nbsp;&nbsp;&nbsp;&nbsp;&nbsp;&nbsp; <\/span>110.\u20ac<\/span><\/b>  <\/p>\n<p style=\"text-align:center\" align=\"center\"><strong style=\"\"><u><span style=\"font-size:16.0pt;line-height:115%\" lang=\"FR-BE\">Appeler Mr AMIN<span style=\"\">&nbsp; <\/span>\/ <span style=\"\">&nbsp;<\/span>0032(0)492.202.691<\/span><\/u><\/b>  <\/p>\n<p>&nbsp;  <\/p>\n<p align=\"center\"> <img decoding=\"async\" src=\"\/A\/N\/D\/festival20131027accordeon1pondrome3sptja.jpg\" \/><\/p>\n<p> 2 DVD en (LIVE) 30\u20ac frais de port compris Info : 0032475205804 ou <a href=\"mailto:sptja@sptja.com\">sptja@sptja.com<\/a>&nbsp;<\/p>\n<p align=\"center\"> <img decoding=\"async\" src=\"\/A\/N\/D\/dvd2013pondrome1festival1sptja.jpg\" \/><\/p>\n","protected":false},"excerpt":{"rendered":"<p>La salle (L&rsquo;ESPERANCE) en collaboration avec l&rsquo;Asbl S.P.T.J.A. organise le 2\u00e8me festival d&rsquo;accord\u00e9on le dimanche 27 octobre 2013 \u00e0 14h00 en la salle (ESPERANCE) \u00e0&#8230;<\/p>\n","protected":false},"author":1,"featured_media":0,"comment_status":"closed","ping_status":"open","sticky":false,"template":"","format":"standard","meta":[],"categories":[2],"tags":[],"_links":{"self":[{"href":"http:\/\/www.musicadeon.com\/index.php\/wp-json\/wp\/v2\/posts\/3781"}],"collection":[{"href":"http:\/\/www.musicadeon.com\/index.php\/wp-json\/wp\/v2\/posts"}],"about":[{"href":"http:\/\/www.musicadeon.com\/index.php\/wp-json\/wp\/v2\/types\/post"}],"author":[{"embeddable":true,"href":"http:\/\/www.musicadeon.com\/index.php\/wp-json\/wp\/v2\/users\/1"}],"replies":[{"embeddable":true,"href":"http:\/\/www.musicadeon.com\/index.php\/wp-json\/wp\/v2\/comments?post=3781"}],"version-history":[{"count":0,"href":"http:\/\/www.musicadeon.com\/index.php\/wp-json\/wp\/v2\/posts\/3781\/revisions"}],"wp:attachment":[{"href":"http:\/\/www.musicadeon.com\/index.php\/wp-json\/wp\/v2\/media?parent=3781"}],"wp:term":[{"taxonomy":"category","embeddable":true,"href":"http:\/\/www.musicadeon.com\/index.php\/wp-json\/wp\/v2\/categories?post=3781"},{"taxonomy":"post_tag","embeddable":true,"href":"http:\/\/www.musicadeon.com\/index.php\/wp-json\/wp\/v2\/tags?post=3781"}],"curies":[{"name":"wp","href":"https:\/\/api.w.org\/{rel}","templated":true}]}}