{"id":3784,"date":"2013-08-07T02:00:00","date_gmt":"2013-08-07T00:00:00","guid":{"rendered":"http:\/\/www.musicadeon.com\/index.php\/2013\/08\/07\/la-salle-lesperance-en-collaboration-avec-lasbl-s-p-t-j-a-organise-le-3eme-festival-daccordeon\/"},"modified":"2013-08-07T02:00:00","modified_gmt":"2013-08-07T00:00:00","slug":"la-salle-lesperance-en-collaboration-avec-lasbl-s-p-t-j-a-organise-le-3eme-festival-daccordeon","status":"publish","type":"post","link":"http:\/\/www.musicadeon.com\/index.php\/2013\/08\/07\/la-salle-lesperance-en-collaboration-avec-lasbl-s-p-t-j-a-organise-le-3eme-festival-daccordeon\/","title":{"rendered":"La salle (L&rsquo;ESPERANCE) en collaboration avec l&rsquo;Asbl S.P.T.J.A. organise le 3\u00e8me festival d&rsquo;accord\u00e9on"},"content":{"rendered":"<p>&nbsp;<\/p>\n<p style=\"MARGIN-RIGHT:2.05pt\"><font color=\"#000080\">Mme, Messieur,<\/font><\/p>\n<p style=\"MARGIN-RIGHT:2.05pt\"><font color=\"#000080\">Ci joint le communiqu\u00e9 de presse pour notre 3\u00e8me festival d&rsquo;accord\u00e9on dansant&nbsp;\u00e0 Pondr\u00f4me (Belgique)<\/font><\/p>\n<p style=\"MARGIN-RIGHT:2.05pt\">&nbsp;<span lang=\"FR-BE\"><font face=\"Calibri\">Un vrai festival digne de ce nom&nbsp;:<span style=\"\">&nbsp; <\/span>une<span style=\"\">&nbsp; <\/span>grande manifestation musicale avec de nombreux artistes&nbsp;!<\/font><\/span><\/p>\n<p style=\"TEXT-ALIGN:justify;line-height:normal;MARGIN:0cm 0cm 10pt\"><span lang=\"FR-BE\"><font face=\"Calibri\">Dimanche 06 avril ce sera la f\u00eate en la salle l\u2019Esp\u00e9rance de Pondr\u00f4me. Vous devez absolument vivre cette journ\u00e9e inoubliable qui s\u2019annonce sous les meilleurs auspices, avec un plateau talentueux, sponsoris\u00e9 par l\u2019Asbl SPTJA et les accord\u00e9ons CARPENTIER<span style=\"\">&nbsp; <\/span>En vedette et dans un show \u00e9poustouflant<strong style=\"\">, le dernier des Mohicans du piano \u00e0 bretelles&nbsp;: Michel PRUVOT<\/b> , le roi de l\u2019ambiance et de l\u2019accord\u00e9on dans toute la France, pour une de ses rares prestations belges. Avec le petit vin blanc\u2026.on va faire la java&nbsp;! Roulez\u2026roulez\u2026<span style=\"\">&nbsp; <\/span>50 ans de succ\u00e8s, de danses et de m\u00e9lodies immortelles.&nbsp;!<\/font><\/span><\/p>\n<p style=\"TEXT-ALIGN:justify;line-height:normal;MARGIN:0cm 0cm 10pt\"><span lang=\"FR-BE\"><font face=\"Calibri\"><b>En primeur ERIKA, et tout son orchestre.<span style=\"\">&nbsp; <\/span>Grand moment d\u2019\u00e9motion partag\u00e9e.<span style=\"\">&nbsp; <\/span>pour la princesse de l\u2019accord\u00e9on qui aura l\u2019honneur de pr\u00e9senter et de jouer sur son nouvel accord\u00e9on CARPENTIER. Le 1<sup>er<\/sup> accord\u00e9on de la nouvelle ligne CARPENTIER. Ce sera une toute grande premi\u00e8re pour la Belgique&nbsp;!<\/b> Ce sera l\u2019\u00e9merveillement \u00e0 la premi\u00e8re \u00e9coute et on ne pouvait r\u00eaver mieux que la star internationale et namuroise&nbsp;, porte-drapeau de la Belgique,<span style=\"\">&nbsp;&nbsp; <\/span>qu\u2019est Erika pour vivre ces moments inoubliables et f\u00eater le d\u00e9part vers de nouvelles aventures musicales. Apr\u00e8s cette pr\u00e9sentation officielle, et durant tout le festival, J.C. HEYDEN, le grand patron vous fera admirer l\u2019exposition des accord\u00e9ons Carpentier. Et d\u00e9j\u00e0, il nous assure que le 05 octobre 2014, pour le 4<sup>\u00e8me<\/sup> festival d\u2019accord\u00e9on dansant, il aura la grande fiert\u00e9 de pr\u00e9senter les artistes jouant sur leurs nouveaux accord\u00e9ons CARPENTIER. Pari tenu&nbsp;pour cette firme mondialement connue<span style=\"\">&nbsp; <\/span>et appr\u00e9ci\u00e9e !<\/font><\/span><\/p>\n<p style=\"TEXT-ALIGN:justify;line-height:normal;MARGIN:0cm 0cm 10pt\"><span lang=\"FR-BE\"><font face=\"Calibri\">Le plateau sera<span style=\"\">&nbsp; <\/span>complet avec les accord\u00e9onistes incontournables que sont <strong style=\"\">Florent THEAULT<\/b>, <strong style=\"\">Jordan<\/b> <strong style=\"\">SIMON et Patricia CROLBOIS<\/b> .<span style=\"\">&nbsp; <\/span>Ce sera<span style=\"\">&nbsp; <\/span>du musette spectacle, du cabaret, des airs<span style=\"\">&nbsp; <\/span>qui enchanteront certainement le public.<span style=\"\">&nbsp; <\/span>C\u2019est avec une grande passion et un total professionnalisme que cette nouvelle g\u00e9n\u00e9ration d\u2019accord\u00e9onistes s\u2019adaptera au<span style=\"\">&nbsp; <\/span>public et assurera la r\u00e9ussite de ce festival dansant.<span style=\"\">&nbsp; <\/span>La tradition continue\u2026mais les accord\u00e9ons<span style=\"\">&nbsp; <\/span>se lancent dans une nouvelle ligne&nbsp;!<\/font><\/span><\/p>\n<p style=\"TEXT-ALIGN:justify;line-height:normal;MARGIN:0cm 0cm 10pt\"><span lang=\"FR-BE\"><font face=\"Calibri\">Un plateau prestigieux compos\u00e9 uniquement de grands noms pour faire<span style=\"\">&nbsp; <\/span>vibrer un nombreux public conquis \u00e0 la cause de l\u2019accord\u00e9on. Une journ\u00e9e de d\u00e9lire dans la bonne humeur contagieuse de la salle l\u2019Esp\u00e9rance . Nombreux seront les couples d\u00e9cid\u00e9s \u00e0 retrouver les sensations fortes de leurs premiers<span style=\"\">&nbsp; <\/span>\u00e9mois et \u00e0 investir la piste de danse<span style=\"\">&nbsp; <\/span>et \u00e0 guincher au son de l\u2019accord\u00e9on<\/font><\/span><\/p>\n<p style=\"TEXT-ALIGN:justify;line-height:normal;MARGIN:0cm 0cm 10pt\"><span lang=\"FR-BE\"><font face=\"Calibri\">Nombre de places limit\u00e9 et r\u00e9serv\u00e9 suivant l\u2019ordre d\u2019inscription, car vu l\u2019engouement, on<span style=\"\">&nbsp; <\/span>risque de ne pas pouvoir honorer toutes les demandes.<span style=\"\">&nbsp; <\/span>Alors, r\u00e9servez d\u00e8s maintenant pour donner de la vie \u00e0 la vie&nbsp;!.<\/font><\/span><\/p>\n<p style=\"TEXT-ALIGN:center;line-height:normal;MARGIN:0cm 0cm 0pt\" align=\"center\"><strong style=\"\"><em style=\"\"><span lang=\"FR-BE\"><font face=\"Calibri\">Nous remercions la PRESSE de bien vouloir relayer notre manifestation.<\/font><\/span><\/i><\/b><\/p>\n<p style=\"TEXT-ALIGN:justify;line-height:normal;MARGIN:0cm 0cm 0pt\"><strong style=\"\"><em style=\"\"><span lang=\"FR-BE\"><font face=\"Calibri\">Afin d\u2019offrir un maximum<span style=\"\">&nbsp; <\/span>de confort<span style=\"\">&nbsp; <\/span>et afin de vous transmettre un laisser-passer, veuillez nous faire conna\u00eetre vos intentions de participation, en indiquant vos nom et pr\u00e9nom et la presse repr\u00e9sent\u00e9e, les \u00e9missions pr\u00e9vues<span style=\"\">&nbsp; <\/span>etc\u2026.N\u2019h\u00e9sitez pas \u00e0 m\u2019appeler pour des informations compl\u00e9mentaires<span style=\"\">&nbsp; <\/span>Bien \u00e0 vous et \u00e0 bient\u00f4t, je l\u2019esp\u00e8re<\/font><\/span><\/i><\/b><\/p>\n<p style=\"MARGIN-RIGHT:2.05pt\">&nbsp;<\/p>\n<p style=\"MARGIN-RIGHT:2.05pt\">D&rsquo;avance un tout grand merci<\/p>\n<p style=\"MARGIN-RIGHT:2.05pt\">Recevez mes meilleurs sentiments<\/p>\n<p style=\"MARGIN-RIGHT:2.05pt\">Mme Honorez pour l&rsquo;Asbl S.P.T.J.A.<\/p>\n<p style=\"MARGIN-RIGHT:2.05pt\">Info: 0032(0)475205804<\/p>\n<p style=\"MARGIN-RIGHT:2.05pt\">Website: <a href=\"http:\/\/www.sptja.com\">www.sptja.com<\/a><\/p>\n<p align=\"center\"><img decoding=\"async\" src=\"\/A\/N\/D\/festival20140406pondrome2sptja.jpg\" \/><\/p>\n<p align=\"center\">\n<p><b><\/p>\n<p align=\"center\"> <img decoding=\"async\" src=\"\/A\/N\/D\/orchestre2erika.jpg\" \/><\/p>\n<p> <\/b><span style=\"COLOR:#000;\"><span style=\"FONT-SIZE:large;\"><b><\/b><\/span><\/span><\/p>\n<p><font size=\"+1\"><font size=\"+1\"> <\/font><\/font><\/p>\n<p><font size=\"+1\"><font size=\"+1\">&nbsp;<\/font><\/font><\/p>\n<p align=\"center\"><font size=\"+1\"><font size=\"+1\"> <\/font><\/font><\/p>\n<\/p>\n<p><font size=\"+1\"><font size=\"+1\"><\/font><\/font><\/p>\n<p><span style=\"COLOR:rgb(255, 31, 31);\"><b><font size=\"5\">&nbsp;&nbsp;&nbsp;&nbsp;&nbsp;&nbsp;&nbsp;&nbsp;&nbsp;&nbsp;&nbsp;&nbsp;&nbsp;&nbsp;&nbsp;&nbsp;&nbsp;&nbsp;&nbsp;&nbsp;&nbsp;&nbsp;&nbsp;&nbsp;&nbsp;&nbsp;&nbsp;&nbsp;&nbsp;&nbsp;&nbsp;&nbsp;&nbsp;&nbsp;&nbsp;&nbsp;&nbsp;&nbsp;&nbsp;&nbsp;&nbsp;&nbsp;&nbsp;&nbsp;&nbsp;&nbsp;&nbsp;&nbsp;&nbsp;&nbsp;&nbsp;&nbsp;&nbsp;&nbsp;&nbsp;&nbsp;&nbsp;&nbsp;&nbsp;&nbsp;&nbsp;&nbsp;&nbsp; Repas barbecue comprenant :<\/font><\/b><\/span> <span style=\"COLOR:rgb(255, 31, 31);\"><b><font size=\"5\"> <\/font><\/b><\/span><\/p>\n<div align=\"center\"><span style=\"COLOR:rgb(255, 31, 31);\"><b><font size=\"5\">3 viandes : saucisse, brochette de volaille et steack de boeuf<\/font><\/b><\/span><\/div>\n<p><span style=\"COLOR:rgb(255, 31, 31);\"><b><font size=\"5\"> <\/font><\/b><\/span><\/p>\n<div align=\"center\"><span style=\"COLOR:rgb(255, 31, 31);\"><b><font size=\"5\">Pommes de terre : grenaille \u00e0 l&rsquo;ancienne, crudit\u00e9s et sauce.<\/font><\/b><\/span><\/div>\n<p><span style=\"COLOR:rgb(255, 31, 31);\"><b><font size=\"5\"> <\/font><\/b><\/span><\/p>\n<div align=\"center\"><span style=\"COLOR:rgb(255, 31, 31);\"><b><font size=\"5\">Ensuite fromage de ch\u00e8vre chaud avec petite salade et vinaigrette au sirop de Li\u00e8ge<\/font><\/b><\/span><\/div>\n<p><span style=\"COLOR:rgb(255, 31, 31);\"><b><font size=\"5\"> <\/font><\/b><\/span><\/p>\n<div align=\"center\"><span style=\"COLOR:rgb(255, 31, 31);\"><b><font size=\"5\">Et comme dessert : mousse au chocolat<\/font><\/b><\/span><\/div>\n<p><span style=\"COLOR:rgb(255, 31, 31);\"><b><font size=\"5\"> <\/font><\/b><\/span><\/p>\n<div align=\"center\"><span style=\"COLOR:rgb(255, 31, 31);\"><b><font size=\"5\">Ap\u00e9ritif maison offert par le Comit\u00e9<\/font><\/b><\/span><\/div>\n<p><span style=\"COLOR:rgb(255, 31, 31);\"><b><font size=\"5\"> <\/font><\/b><\/span><\/p>\n<div align=\"center\"><span style=\"COLOR:rgb(255, 31, 31);\"><b><font size=\"5\">&nbsp;<\/font><\/b><\/span><\/div>\n<p><span style=\"COLOR:rgb(255, 31, 31);\"><b><font size=\"5\"> <\/font><\/b><\/span><\/p>\n<div align=\"center\"><span style=\"COLOR:rgb(255, 31, 31);\"><b><font size=\"5\">Prix :&nbsp; R\u00e9servations et paiements obligatoires avant le 27 mars 2014 :<\/font><\/b><\/span><\/div>\n<p><span style=\"COLOR:rgb(255, 31, 31);\"><b><font size=\"5\"> <\/font><\/b><\/span><\/p>\n<div align=\"center\"><span style=\"COLOR:rgb(255, 31, 31);\"><b><font size=\"5\">Le repas seul : 23 \u20ac<\/font><\/b><\/span><\/div>\n<p><span style=\"COLOR:rgb(255, 31, 31);\"><b><font size=\"5\"> <\/font><\/b><\/span><\/p>\n<div align=\"center\"><span style=\"COLOR:rgb(255, 31, 31);\"><b><font size=\"5\">l&rsquo;entr\u00e9e seule : 25 \u20ac le jour, 23 \u20ac pr\u00e9vente et 200 \u20ac commande de 10.<\/font><\/b><\/span><\/div>\n<p><span style=\"COLOR:rgb(255, 31, 31);\"><b><font size=\"5\"> <\/font><\/b><\/span><\/p>\n<div align=\"center\"><span style=\"COLOR:rgb(255, 31, 31);\"><b><font size=\"5\">Pr\u00e9vente : repas+ entr\u00e9e&nbsp; 40 \u20ac &#8211; Commande de 10 : 370 \u20ac<\/font><\/b><\/span><\/div>\n<p><font size=\"+1\"><font size=\"+1\"><\/p>\n<p> <\/font><\/font><\/p>\n<div align=\"center\"><font size=\"+1\"><font size=\"+1\">  <\/p>\n<p><b>Asbl S.P.T.J.A Rue du Bourdon 2 5170 Lesves (Profondeville) (Belgique) <\/b>  <\/p>\n<p><b>Compte N&deg; 068-2282094-02 I.B.A.N. BE32 0682 2820 9402 B.I.C.\/SWIFT : GKCCBEBB&nbsp; <\/b>  <\/p>\n<p><\/font><\/font><\/div>\n<\/p>\n<p align=\"center\">&nbsp;  <\/p>\n<p align=\"center\"><\/p>\n<p align=\"center\"><\/p>\n<p align=\"center\"><\/p>\n<p><P align=center><IMG src=\"\/A\/N\/D\/festival20140406accordeon1pondrome1sptja.jpg\"><\/P><P align=center><IMG src=\"\/A\/N\/D\/festival20140406accordeon1pondrome2sptja.jpg\"><\/P><P align=center><IMG src=\"\/A\/N\/D\/festival20140406accordeon1pondrome3sptja.jpg\"><\/P><P align=center><IMG src=\"\/A\/N\/D\/festival20140406accordeon1pondrome4sptja.jpg\"><\/P><P align=center><IMG src=\"\/A\/N\/D\/festival20140406accordeon1pondrome5sptja.jpg\"><\/P><P align=center><IMG src=\"\/A\/N\/D\/festival20140406accordeon1pondrome6sptja.jpg\"><\/P><P align=center><IMG src=\"\/A\/N\/D\/festival20140406accordeon1pondrome7sptja.jpg\"><\/P><P align=center><IMG src=\"\/A\/N\/D\/festival20140406accordeon1pondrome8sptja.jpg\"><\/P><P align=center><IMG src=\"\/A\/N\/D\/festival20140406accordeon1pondrome9sptja.jpg\"><\/P><P align=center><IMG src=\"\/A\/N\/D\/festival20140406accordeon1pondrome10sptja.jpg\"><\/P><P align=center><IMG src=\"\/A\/N\/D\/festival20140406accordeon1pondrome11sptja.jpg\"><\/P><P align=center><IMG src=\"\/A\/N\/D\/festival20140406accordeon1pondrome12sptja.jpg\"><\/P><P align=center><IMG src=\"\/A\/N\/D\/festival20140406accordeon1pondrome14sptja.jpg\"><\/P><P align=center><IMG src=\"\/A\/N\/D\/festival20140406accordeon1pondrome15sptja.jpg\"><\/P><P align=center><IMG src=\"\/A\/N\/D\/festival20140406accordeon1pondrome16sptja.jpg\"><\/P><P align=center><IMG src=\"\/A\/N\/D\/festival20140406accordeon1pondrome17sptja.jpg\"><\/P><P align=center><IMG src=\"\/A\/N\/D\/festival20140406accordeon1pondrome18sptja.jpg\"><\/P><P align=center><IMG src=\"\/A\/N\/D\/festival20140406accordeon1pondrome19sptja.jpg\"><\/P><P align=center><IMG src=\"\/A\/N\/D\/festival20140406accordeon1pondrome20sptja.jpg\"><\/P><\/p>\n","protected":false},"excerpt":{"rendered":"<p>&nbsp; Mme, Messieur, Ci joint le communiqu\u00e9 de presse pour notre 3\u00e8me festival d&rsquo;accord\u00e9on dansant&nbsp;\u00e0 Pondr\u00f4me (Belgique) &nbsp;Un vrai festival digne de ce nom&nbsp;:&nbsp; une&nbsp;&#8230;<\/p>\n","protected":false},"author":1,"featured_media":0,"comment_status":"closed","ping_status":"open","sticky":false,"template":"","format":"standard","meta":[],"categories":[3],"tags":[5],"_links":{"self":[{"href":"http:\/\/www.musicadeon.com\/index.php\/wp-json\/wp\/v2\/posts\/3784"}],"collection":[{"href":"http:\/\/www.musicadeon.com\/index.php\/wp-json\/wp\/v2\/posts"}],"about":[{"href":"http:\/\/www.musicadeon.com\/index.php\/wp-json\/wp\/v2\/types\/post"}],"author":[{"embeddable":true,"href":"http:\/\/www.musicadeon.com\/index.php\/wp-json\/wp\/v2\/users\/1"}],"replies":[{"embeddable":true,"href":"http:\/\/www.musicadeon.com\/index.php\/wp-json\/wp\/v2\/comments?post=3784"}],"version-history":[{"count":0,"href":"http:\/\/www.musicadeon.com\/index.php\/wp-json\/wp\/v2\/posts\/3784\/revisions"}],"wp:attachment":[{"href":"http:\/\/www.musicadeon.com\/index.php\/wp-json\/wp\/v2\/media?parent=3784"}],"wp:term":[{"taxonomy":"category","embeddable":true,"href":"http:\/\/www.musicadeon.com\/index.php\/wp-json\/wp\/v2\/categories?post=3784"},{"taxonomy":"post_tag","embeddable":true,"href":"http:\/\/www.musicadeon.com\/index.php\/wp-json\/wp\/v2\/tags?post=3784"}],"curies":[{"name":"wp","href":"https:\/\/api.w.org\/{rel}","templated":true}]}}