{"id":3828,"date":"2013-11-27T01:00:00","date_gmt":"2013-11-27T00:00:00","guid":{"rendered":"http:\/\/www.musicadeon.com\/index.php\/2013\/11\/27\/a-vos-agendas-20-04-2014\/"},"modified":"2013-11-27T01:00:00","modified_gmt":"2013-11-27T00:00:00","slug":"a-vos-agendas-20-04-2014","status":"publish","type":"post","link":"http:\/\/www.musicadeon.com\/index.php\/2013\/11\/27\/a-vos-agendas-20-04-2014\/","title":{"rendered":"\u00c0 vos agendas (20-04-2014)"},"content":{"rendered":"<p>Le dimanche 20 avril 2014 \u00e0 14h30 au dancing (Asbl Le grand Courty) \u00e0 Montleban (Belgique) retrouvez l&rsquo;incomparable princesse de l&rsquo;accord\u00e9on <a href=\"http:\/\/www.erika.be\" target=\"_blank\" rel=\"noopener noreferrer\">Erika<\/a> &#038; Jean-Marie pour un th\u00e9 dansant Info: 0032(0)475.20.58.04<\/p>\n","protected":false},"excerpt":{"rendered":"<p>Le dimanche 20 avril 2014 \u00e0 14h30 au dancing (Asbl Le grand Courty) \u00e0 Montleban (Belgique) retrouvez l&rsquo;incomparable princesse de l&rsquo;accord\u00e9on Erika &#038; Jean-Marie pour&#8230;<\/p>\n","protected":false},"author":1,"featured_media":0,"comment_status":"closed","ping_status":"open","sticky":false,"template":"","format":"standard","meta":[],"categories":[1],"tags":[],"_links":{"self":[{"href":"http:\/\/www.musicadeon.com\/index.php\/wp-json\/wp\/v2\/posts\/3828"}],"collection":[{"href":"http:\/\/www.musicadeon.com\/index.php\/wp-json\/wp\/v2\/posts"}],"about":[{"href":"http:\/\/www.musicadeon.com\/index.php\/wp-json\/wp\/v2\/types\/post"}],"author":[{"embeddable":true,"href":"http:\/\/www.musicadeon.com\/index.php\/wp-json\/wp\/v2\/users\/1"}],"replies":[{"embeddable":true,"href":"http:\/\/www.musicadeon.com\/index.php\/wp-json\/wp\/v2\/comments?post=3828"}],"version-history":[{"count":0,"href":"http:\/\/www.musicadeon.com\/index.php\/wp-json\/wp\/v2\/posts\/3828\/revisions"}],"wp:attachment":[{"href":"http:\/\/www.musicadeon.com\/index.php\/wp-json\/wp\/v2\/media?parent=3828"}],"wp:term":[{"taxonomy":"category","embeddable":true,"href":"http:\/\/www.musicadeon.com\/index.php\/wp-json\/wp\/v2\/categories?post=3828"},{"taxonomy":"post_tag","embeddable":true,"href":"http:\/\/www.musicadeon.com\/index.php\/wp-json\/wp\/v2\/tags?post=3828"}],"curies":[{"name":"wp","href":"https:\/\/api.w.org\/{rel}","templated":true}]}}