{"id":3954,"date":"2015-03-18T01:00:00","date_gmt":"2015-03-18T00:00:00","guid":{"rendered":"http:\/\/www.musicadeon.com\/index.php\/2015\/03\/18\/des-spectacles-conus-in-situ-qui-resonnent-avec-larchitecture-les-peintures-la-nature-les-mots\/"},"modified":"2015-03-18T01:00:00","modified_gmt":"2015-03-18T00:00:00","slug":"des-spectacles-conus-in-situ-qui-resonnent-avec-larchitecture-les-peintures-la-nature-les-mots","status":"publish","type":"post","link":"http:\/\/www.musicadeon.com\/index.php\/2015\/03\/18\/des-spectacles-conus-in-situ-qui-resonnent-avec-larchitecture-les-peintures-la-nature-les-mots\/","title":{"rendered":"Des spectacles con&ccedil;us in situ qui r\u00e9sonnent avec l&rsquo;architecture, les peintures, la nature, les mots&#8230;"},"content":{"rendered":"<p><font color=\"#c02519\" face=\"Arial\"><i>En ce mois de mars<br \/>mon accord\u00e9on se prom\u00e8ne d&rsquo;itin\u00e9raire en itin\u00e9raire.<br \/>Des aventures uniques, qui l&#8217;emm\u00e8nent \u00e0 la crois\u00e9e<br \/>de l&rsquo;histoire de l&rsquo;art, de l&rsquo;histoire industrielle, de l&rsquo;histoire humaine&#8230;<br \/>Passionnant !<br \/>Au plaisir de vous croiser<br \/>Laure :IIII:<\/i><br \/><\/font><font color=\"#c02519\" face=\"Arial\" size=\"5\"><b><br \/>Les Itin\u00e9raires Sonores <\/b><\/font><font face=\"Arial\" size=\"5\"><b><br \/><\/b><\/font><font color=\"#c02519\" face=\"Arial\" size=\"4\"><i>Des spectacles con&ccedil;us in situ qui r\u00e9sonnent avec l&rsquo;architecture, les peintures, la nature, les mots&#8230;<br \/><\/i><br \/><b>Visite-spectacle nocturne \u00e0 Roubaix<br \/><\/b><\/font><font face=\"Arial\" size=\"2\"><b>Avec Isabelle Dejardin (guide patrimoine), Laure Chailloux (conception et inerpr\u00e9tation de tableaux sonores) et Jean Fran&ccedil;ois M\u00e9trier (r\u00e9gie lumi\u00e8re)<\/b><\/font><font color=\"#fc5d04\" face=\"Arial\" size=\"4\"><b><br \/>Samedi 14 mars : RV \u00e0 18h30 devant la mairie de ROUBAIX<br \/><\/b><\/font><font color=\"#fc5d04\" face=\"Arial\"><i>A la tomb\u00e9e de la nuit, les b\u00e2timents roubaisiens se vivent diff\u00e9rement&#8230;<br \/>Entre la Grand Place et l&rsquo;ENSAIT, suivez la guide, d\u00e9couvrez des lieux charg\u00e9s d&rsquo;histoire et des \u00eatres habit\u00e9s d&rsquo;histoires. N&rsquo;oubliez pas votre lampe de poche<\/i><\/font><font color=\"#fc5d04\" face=\"Arial\" size=\"2\"> <\/font><font color=\"#fc5d04\" face=\"Arial\" size=\"2\"><b>!<\/b><\/font><font face=\"Arial\" size=\"2\"><b><br \/>Renseignements : 03.20.65.31.90 5,50\/7euros\/Gratuit pour les &#8211; de 7 ans r\u00e9servez en ligne su<\/b><\/font><font color=\"#7f4895\" face=\"Arial\" size=\"2\"><b><u>r <a href=\"http:\/\/www.roubaixtourisme.com\">http:\/\/www.roubaixtourisme.com<\/a><\/u><\/b><\/font><font face=\"Arial\" size=\"4\"><b><\/p>\n<p><\/b><\/font><font color=\"#c02519\" face=\"Arial\" size=\"4\"><b>\u00ab\u00a0Sans Titre souffl\u00e9\u00a0\u00bb au Louvre-Lens<br \/><\/b><\/font><font face=\"Arial\" size=\"2\"><b>Dans le cadre de la programmation <i>Enfants du Pays<\/i> cr\u00e9\u00e9e autour de l&rsquo;exposition temporaire du Pavilllon de Verre \u00ab\u00a030 ans d&rsquo;acquisition dans les mus\u00e9es du Nord-Pas-de Calais\u00a0\u00bb avec 4 compagnies de la r\u00e9gion : Th\u00e9\u00e2tre de la Bardane, En Compagnie des Anges, Artopie et Laure Chailloux<\/b><\/font><font face=\"Arial\" size=\"4\"><b><br \/><\/b><\/font><font color=\"#fc5d04\" face=\"Arial\" size=\"4\"><b>Samedi 20 mars : 19h \u00e0 La Sc\u00e8ne du Louvre-Lens<br \/>Dimanche 21 mars : 17h dans Le Pavillon de Verre du Louvre-Lens <\/b><\/font><font color=\"#fc5d04\" face=\"Arial\" size=\"2\">(autres compagnies \u00e0 11h 15h et 16h)<\/font><font face=\"Arial\" size=\"4\"><b><br \/><\/b><\/font><font color=\"#fc5d04\" face=\"Arial\"><i>De petites touches de peinture en petites touches d&rsquo;accord\u00e9on,<br \/>un personnage nous raconte le lien intime qu&rsquo;elle tisse, jour apr\u00e8s jour, avec une toile d&rsquo;Augustin Lesage.<br \/>Une osmose du sensible et de l&rsquo;inexplicable qui lui permet de ressentir \u00e9galement, les interpr\u00e9tations du public regardant cette oeuvre&#8230; <\/i>Sans Titre<\/font><font color=\"#fc5d04\" face=\"Arial\" size=\"4\"><i> <\/i><b>.<\/b><\/font><font face=\"Arial\" size=\"2\"><b><br \/>Renseignements : 03.21.18.62.62 &#8211; 5\/9 euros <\/b><\/font><font color=\"#0000ff\" face=\"Arial\" size=\"2\"><b><a href=\"http:\/\/www.louvrelens.fr\">http:\/\/www.louvrelens.fr<\/a><br \/><\/b><\/font><font face=\"Arial\" size=\"4\"><b><br \/><\/b><\/font><font color=\"#c02519\" face=\"Arial\" size=\"4\"><b>Filotopie \u00e0 Lille-Fives<br \/><\/b><\/font><font face=\"Arial\" size=\"2\"><b>Dans le cadre de Fen\u00eatres qui Parlent \u00e0 Lille-fives organis\u00e9e par le Collectif BW friche<br \/><\/b><\/font><font color=\"#fc5d04\" face=\"Arial\" size=\"4\"><b>Dimanche 29 mars : RV \u00e0 partir de 15h <\/b><\/font><font color=\"#fc5d04\" face=\"Arial\"><b>au jardin de poche \u00e0 l\u2019angle rues de Pologne\/Madagascar LILLE<br \/><\/b><i>Associations locales et habitants de Fives ont exprim\u00e9 leurs r\u00eaves les plus fous pour imaginer une deuxi\u00e8me vie \u00e0 la friche<br \/>Brunel. Des artistes-designers Fran&ccedil;ois Tilly, Carole Lepers et Thomas Boidin s&rsquo;en sont empar\u00e9s pour cr\u00e9er une installation in situ sur ses murs de briques &#8230; Ultime expression artistique avant la d\u00e9molition de ce site qui a particip\u00e9 \u00e0 l&rsquo;histoire ouvri\u00e8re du quartier.<br \/><\/i><\/font><font face=\"Arial\">15h30 filotopie musicale avec laure chailloux \/16h15 \u00e9changes filotopiques avec les plasticiens \/16h45 go\u00fbter filotopique avec les Chauffe Marcelles !<\/font><font color=\"#fc5d04\" face=\"Arial\"><i><br \/><\/i><\/font><font face=\"Arial\"><b>Renseignements Collectif BW Friche : <\/b><\/font><font color=\"#df5f12\" face=\"Arial\"><b><u>www.bw-friches.fr<br \/><\/u><\/b><\/font><font color=\"#c02519\" face=\"Arial\" size=\"5\"><b><br \/>La Vie de Ch\u00e2teau<\/b><\/font><font color=\"#c02519\" face=\"Arial\"><b> Collectif M\u00e9talu \u00e0 Chahuter<\/b><\/font><font color=\"#c02519\" face=\"Arial\" size=\"4\"><i><br \/>Un \u00e9v\u00e9nement dans le cadre de Mons 2015 Capitale Europ\u00e9enne de la Culture<\/i><\/font><font face=\"Arial\"><i><br \/><\/i><\/font><font face=\"Arial\" size=\"2\"><b>Le collectif M\u00e9talu A Chahuter est artiste associ\u00e9 \u00e0 un des \u00e9v\u00e9nements du Grand 8 de Mons 2015, du 27 avril au 3 Mai \u00e0 Ghlin. Dans ce cadre, il m\u00e8ne une action de co-construction avec les habitants en amont et r\u00e9alise une sc\u00e9nographie g\u00e9n\u00e9rale du Parc du Joncquois transform\u00e9 en ch\u00e2teau monumental du 1er au 3 mai.<\/b><\/font><font face=\"Arial\"><b><br \/>Atelier Galerie de portrait<\/b><\/font><font face=\"Arial\" size=\"2\"><b><br \/>men\u00e9 par Delphine Sekulak et Laure Chailloux, prise de vue Christian Mathieu, encadrement Nicolas Coppin<\/b><\/font><font color=\"#fc5d04\" face=\"Arial\" size=\"4\"><b><br \/>Dimanche 15 mars : Atelier galerie de portrait \u00e0 GHLIN (B)<br \/><\/b><\/font><font color=\"#fc5d04\" face=\"Arial\"><i>25 habitants se r\u00e9-inventent en personnages extra-ordinaires pour cr\u00e9er la galerie de portrait du Chateau de Ghlin<br \/>Un m\u00e9lange de r\u00e9alit\u00e9 et de r\u00eave, immortalis\u00e9 par des photos mises en sc\u00e8ne avec chacune leur cartel biographique, visibles dans le parc du Joncquois le 2 et 3 mai.<\/i><\/font><font face=\"Arial\" size=\"2\"><b><br \/>Renseignements <\/b><\/font><font color=\"#5f1557\" face=\"Arial\" size=\"2\"><u>: <a href=\"http:\/\/2015facons.mons2015.eu\/projets-participatifs\/40-la-galerie-de-portra\">http:\/\/2015facons.mons2015.eu\/projets-participatifs\/40-la-galerie-de-portra<\/a><\/u><\/font><font face=\"Arial\" size=\"2\">i<\/font><font face=\"Arial\">t<\/font><font color=\"#c02519\" face=\"Arial\" size=\"4\"><b><\/p>\n<p>Contact: M\u00e9talu A Chahuter<\/b><\/font><font color=\"#c02519\" face=\"Arial\" size=\"2\"> <\/font><font face=\"Arial\" size=\"2\"><br \/>Laure Chailloux et Les2ailes font parties du collectif M\u00e9talu A Chahuter qui rassemble au sein d&rsquo;un lieu de fabrique une vingtaine d&rsquo;artistes et techniciens sp\u00e9cialis\u00e9s dans la cr\u00e9ation in situ et les arts de la rue : Delphine Sekulak, Al1 et Ant1, Les Protos-Types, Amalgamix, Cendres la Rouge, Martin Granger, Louise Bronx<\/font><font face=\"Arial\"><b>.<br \/>Laure Chailloux<\/b> : 03 20 33 27 0<b>0<br \/>Laura Capelle, charg\u00e9 de diffusion M\u00e9talu A Chahuter<\/b> : tel 03 20 07 23 23 <\/font><font color=\"#7f4895\" face=\"Arial\"><u>, communication@metaluachahuter.c<\/u><\/font><font face=\"Arial\">om<br \/>Pour en savoir plus <\/font><font color=\"#7f4895\" face=\"Arial\"><u><a href=\"http:\/\/www.laurechailloux.\">http:\/\/www.laurechailloux.<\/a><\/u><\/font><font face=\"Arial\">fr o<\/font><font color=\"#7f4895\" face=\"Arial\"><u>u www.metaluachahuter.c<\/u><\/font><font face=\"Arial\" size=\"2\"><b>om<br \/><\/b><\/font><\/p>\n","protected":false},"excerpt":{"rendered":"<p>En ce mois de marsmon accord\u00e9on se prom\u00e8ne d&rsquo;itin\u00e9raire en itin\u00e9raire.Des aventures uniques, qui l&#8217;emm\u00e8nent \u00e0 la crois\u00e9ede l&rsquo;histoire de l&rsquo;art, de l&rsquo;histoire industrielle, de&#8230;<\/p>\n","protected":false},"author":1,"featured_media":0,"comment_status":"closed","ping_status":"open","sticky":false,"template":"","format":"standard","meta":[],"categories":[3],"tags":[5],"_links":{"self":[{"href":"http:\/\/www.musicadeon.com\/index.php\/wp-json\/wp\/v2\/posts\/3954"}],"collection":[{"href":"http:\/\/www.musicadeon.com\/index.php\/wp-json\/wp\/v2\/posts"}],"about":[{"href":"http:\/\/www.musicadeon.com\/index.php\/wp-json\/wp\/v2\/types\/post"}],"author":[{"embeddable":true,"href":"http:\/\/www.musicadeon.com\/index.php\/wp-json\/wp\/v2\/users\/1"}],"replies":[{"embeddable":true,"href":"http:\/\/www.musicadeon.com\/index.php\/wp-json\/wp\/v2\/comments?post=3954"}],"version-history":[{"count":0,"href":"http:\/\/www.musicadeon.com\/index.php\/wp-json\/wp\/v2\/posts\/3954\/revisions"}],"wp:attachment":[{"href":"http:\/\/www.musicadeon.com\/index.php\/wp-json\/wp\/v2\/media?parent=3954"}],"wp:term":[{"taxonomy":"category","embeddable":true,"href":"http:\/\/www.musicadeon.com\/index.php\/wp-json\/wp\/v2\/categories?post=3954"},{"taxonomy":"post_tag","embeddable":true,"href":"http:\/\/www.musicadeon.com\/index.php\/wp-json\/wp\/v2\/tags?post=3954"}],"curies":[{"name":"wp","href":"https:\/\/api.w.org\/{rel}","templated":true}]}}