{"id":4034,"date":"2015-03-18T01:00:00","date_gmt":"2015-03-18T00:00:00","guid":{"rendered":"http:\/\/www.musicadeon.com\/index.php\/2015\/03\/18\/festival-daccordeon-accordeonfestival-hommage-a-aan-albert-hennebel\/"},"modified":"2015-03-18T01:00:00","modified_gmt":"2015-03-18T00:00:00","slug":"festival-daccordeon-accordeonfestival-hommage-a-aan-albert-hennebel","status":"publish","type":"post","link":"http:\/\/www.musicadeon.com\/index.php\/2015\/03\/18\/festival-daccordeon-accordeonfestival-hommage-a-aan-albert-hennebel\/","title":{"rendered":"Festival d&rsquo;Accord\u00e9on &#8211; Accordeonfestival  Hommage \u00e0\/aan Albert Hennebel"},"content":{"rendered":"<p><P align=center><IMG src=\"\/A\/N\/D\/hommage20151017albert1hennebel1musicadeon.jpg\"><\/P><\/p>\n<p><span style=\"font-family:Georgia,Georgia,serif;font-size:20px;font-weight:bold;font-style:italic;color:rgb(85,85,85);\">Festival d&rsquo;Accord\u00e9on &#8211; Accordeonfestival<\/span><\/p>\n<p><span style=\"font-family:Georgia,Georgia,serif;font-size:20px;font-weight:bold;font-style:italic;color:rgb(85,85,85);\">Hommage \u00e0\/aan <\/span><span style=\"font-family:Georgia,Georgia,serif;font-size:20px;font-weight:bold;font-style:italic;color:rgb(85,85,85);\"><a class=\"textlink link\" href=\"http:\/\/accordeonrama.fr\/AHennebel.html\" target=\"_blank\" rel=\"noopener noreferrer\">Albert Hennebel<\/a><\/span><\/p>\n<p><span style=\"font-family:Georgia,Georgia,serif;font-size:20px;font-weight:bold;font-style:italic;color:rgb(85,85,85);\">&nbsp;<\/span><\/p>\n<p><span style=\"font-family:Georgia,Georgia,serif;font-size:20px;font-weight:bold;font-style:italic;color:rgb(85,85,85);\">17 octobre &#8211; oktober 2015<\/span><\/p>\n<div style=\"text-align:justify;WHITE-SPACE:normal;\">\n<p><span>Le Samedi 17 octobre 2015 \u00e0 partir de 18h dans la salle de Rookop \u00e0 Reningelst (Belgique) aura lieu un festival d&rsquo;accord\u00e9on en hommage \u00e0 Albert Hennebel. Le festival sera enti\u00e8rement consacr\u00e9e \u00e0 lui et le b\u00e9n\u00e9fices seront revers\u00e9es vers <\/span><span><a class=\"textlink link\" href=\"http:\/\/accordeon-accordeon.fr\/jan%20yperman.html\">les soins palliatifs de l&rsquo;h\u00f4pital Jan Yperman<\/a><\/span><span> \u00e0 Ypres. <\/span>  <\/p>\n<p><span>&nbsp;<\/span>  <\/p>\n<p><span>Avec l\u2019ensemble de nos partenaires, que nous ne remercierons jamais assez, nous avons pour seule volonte&#769; de faire partager au plus grand nombre d\u2019entre vous, les meilleurs morceaux de musette, une soir\u00e9e nostalgique et biensur de la danse sur des airs inoubliable d&rsquo;Albert Hennebel qui seront jou\u00e9 par: ( par ordre alphab\u00e9tique )<\/span>  <\/p>\n<p><span>&nbsp;<\/span>  <\/p>\n<p><span>Op zaterdag 17 oktober 2015 vanaf 18.oou gaat in de zaal de Rookop te Reningelst een groots accordeonfestival door ter gelegenheid van de nagedachtenis van Albert Hennebel. De opbrengsten van het festival worden integraal doorgegeven aan <\/span><span><a class=\"textlink link\" href=\"http:\/\/accordeon-accordeon.fr\/jan%20yperman.html\">de afdeling palliatieve zorg van het Jan Yperman<\/a><\/span><span> ziekenhuis te Ieper.<\/span>  <\/p>\n<p><span>&nbsp;<\/span>  <\/p>\n<p><span>Samen met onze partners, die we nooit voldoende kunnen bedanken, hebben we maar \u00e9\u00e9n enkel doel en dat is om u prachtige musettenummers, een nostalgische avond en natuurlijk een danspasje op de onvergetelijke muziek van Albert Hennebel te kunnen aanbieden. Deze worden u gebracht door: ( in alfabetische volgorde )<\/span>  <\/p>\n<p><span> <\/span>  <\/p>\n<\/div>\n<div style=\"text-align:center;\">\n<p><span style=\"font-size:16px;font-weight:bold;text-decoration:none;color:rgb(175,0,0);\">&nbsp;<\/span>  <\/p>\n<p><span style=\"font-size:16px;font-weight:bold;text-decoration:none;color:rgb(175,0,0);\">&nbsp;<\/span>  <\/p>\n<p><span style=\"font-size:16px;font-weight:bold;text-decoration:none;color:rgb(175,0,0);\">&nbsp;<\/span>  <\/p>\n<\/div>\n<p><span style=\"font-size:16px;font-weight:bold;text-decoration:none;color:rgb(175,0,0);\"><a class=\"textlink link\" href=\"http:\/\/www.accordeonrama.fr\/anthony-basilico.html\" target=\"_blank\" rel=\"noopener noreferrer\">Anthony Basilico<\/a><\/span><\/p>\n<p><span style=\"font-size:16px;font-weight:bold;text-decoration:none;color:rgb(175,0,0);\">&nbsp;<\/span><\/p>\n<p><span style=\"font-size:16px;font-weight:bold;text-decoration:none;color:rgb(66,8,86);\">Christian Lagae<\/span><\/p>\n<p><span style=\"font-size:16px;font-weight:bold;text-decoration:none;color:rgb(175,0,0);\">&nbsp;<\/span><\/p>\n<p><span style=\"font-size:16px;font-weight:bold;text-decoration:none;color:rgb(66,8,86);\">Fred Bourlard<\/span><\/p>\n<p><span style=\"font-size:16px;font-weight:bold;text-decoration:none;color:rgb(66,8,86);\">&nbsp;<\/span><\/p>\n<p><span style=\"font-size:16px;font-weight:bold;text-decoration:none;color:rgb(66,8,86);\">Guy Hennebel<\/span><\/p>\n<p><span style=\"font-size:16px;font-weight:bold;text-decoration:none;color:rgb(66,8,86);\">&nbsp;<\/span><\/p>\n<p><span style=\"font-size:16px;font-weight:bold;text-decoration:none;color:rgb(66,8,86);\">Jean-Marie Van Elslande<\/span><\/p>\n<p><span style=\"font-size:16px;font-weight:bold;text-decoration:none;color:rgb(66,8,86);\">&nbsp;<\/span><\/p>\n<p><span style=\"font-size:16px;font-weight:bold;text-decoration:none;color:rgb(66,8,86);\">Le Grand Medard<\/span><\/p>\n<p><span style=\"font-size:16px;font-weight:bold;text-decoration:none;color:rgb(66,8,86);\">&nbsp;<\/span><\/p>\n<p><span style=\"font-size:16px;font-weight:bold;text-decoration:none;color:rgb(66,8,86);\">Marina<\/span><\/p>\n<p><span style=\"font-size:16px;font-weight:bold;text-decoration:none;color:rgb(175,0,0);\">&nbsp;<\/span><\/p>\n<p><span style=\"font-size:16px;font-weight:bold;text-decoration:none;color:rgb(175,0,0);\"><a class=\"textlink link\" href=\"http:\/\/www.accordeonrama.fr\/ROllevier.html\" target=\"_blank\" rel=\"noopener noreferrer\">Rita Ollevier<\/a><\/span><\/p>\n<p><span style=\"font-size:16px;font-weight:bold;text-decoration:none;color:rgb(175,0,0);\">&nbsp;<\/span><\/p>\n<p><span style=\"font-size:16px;font-weight:bold;text-decoration:none;color:rgb(175,0,0);\"><a class=\"textlink link\" href=\"http:\/\/accordeon-accordeon.fr\/nouvelles\/SEPPE%20VANDE%20WALLE.html\" target=\"_blank\" rel=\"noopener noreferrer\">Seppe Vande Walle<\/a><\/span><\/p>\n<p><span style=\"font-size:16px;font-weight:bold;text-decoration:none;color:rgb(175,0,0);\">&nbsp;<\/span><\/p>\n<p><span style=\"font-size:16px;font-weight:bold;text-decoration:none;color:rgb(66,8,86);\">Stefaan Cailliau<\/span><\/p>\n<p><span style=\"font-size:16px;font-weight:bold;text-decoration:none;color:rgb(175,0,0);\">&nbsp;<\/span><\/p>\n<p><span style=\"font-size:16px;font-weight:bold;color:rgb(175,0,0);\"><a class=\"textlink link\" href=\"http:\/\/accordeonrama.fr\/SMercier\/\" target=\"_blank\" rel=\"noopener noreferrer\">Sylviane Mercier<\/a><\/span><\/p>\n<p><span style=\"font-size:16px;font-weight:bold;color:rgb(175,0,0);\">&nbsp;<\/span><\/p>\n<p><span style=\"font-size:16px;font-weight:bold;text-decoration:none;color:rgb(175,0,0);\"><a class=\"textlink link\" href=\"http:\/\/www.yvesleynaert.eu\/accueil-yves-leynaert.html\" target=\"_blank\" rel=\"noopener noreferrer\">Yves Leynaert<\/a><\/span><\/p>\n","protected":false},"excerpt":{"rendered":"<p>Festival d&rsquo;Accord\u00e9on &#8211; Accordeonfestival Hommage \u00e0\/aan Albert Hennebel &nbsp; 17 octobre &#8211; oktober 2015 Le Samedi 17 octobre 2015 \u00e0 partir de 18h dans la&#8230;<\/p>\n","protected":false},"author":1,"featured_media":0,"comment_status":"closed","ping_status":"open","sticky":false,"template":"","format":"standard","meta":[],"categories":[3],"tags":[5],"_links":{"self":[{"href":"http:\/\/www.musicadeon.com\/index.php\/wp-json\/wp\/v2\/posts\/4034"}],"collection":[{"href":"http:\/\/www.musicadeon.com\/index.php\/wp-json\/wp\/v2\/posts"}],"about":[{"href":"http:\/\/www.musicadeon.com\/index.php\/wp-json\/wp\/v2\/types\/post"}],"author":[{"embeddable":true,"href":"http:\/\/www.musicadeon.com\/index.php\/wp-json\/wp\/v2\/users\/1"}],"replies":[{"embeddable":true,"href":"http:\/\/www.musicadeon.com\/index.php\/wp-json\/wp\/v2\/comments?post=4034"}],"version-history":[{"count":0,"href":"http:\/\/www.musicadeon.com\/index.php\/wp-json\/wp\/v2\/posts\/4034\/revisions"}],"wp:attachment":[{"href":"http:\/\/www.musicadeon.com\/index.php\/wp-json\/wp\/v2\/media?parent=4034"}],"wp:term":[{"taxonomy":"category","embeddable":true,"href":"http:\/\/www.musicadeon.com\/index.php\/wp-json\/wp\/v2\/categories?post=4034"},{"taxonomy":"post_tag","embeddable":true,"href":"http:\/\/www.musicadeon.com\/index.php\/wp-json\/wp\/v2\/tags?post=4034"}],"curies":[{"name":"wp","href":"https:\/\/api.w.org\/{rel}","templated":true}]}}