{"id":4067,"date":"2015-07-30T02:00:00","date_gmt":"2015-07-30T00:00:00","guid":{"rendered":"http:\/\/www.musicadeon.com\/index.php\/2015\/07\/30\/festival-daccordeon-a-vouleme-86-france\/"},"modified":"2015-07-30T02:00:00","modified_gmt":"2015-07-30T00:00:00","slug":"festival-daccordeon-a-vouleme-86-france","status":"publish","type":"post","link":"http:\/\/www.musicadeon.com\/index.php\/2015\/07\/30\/festival-daccordeon-a-vouleme-86-france\/","title":{"rendered":"Festival d&rsquo;accord\u00e9on \u00e0 Voul\u00eame (86) (France)"},"content":{"rendered":"<div align=\"center\"><font size=\"4\"><b>Le samedi 15 ao\u00fbt 2015 Festival d&rsquo;accord\u00e9on \u00e0 Voul\u00eame (86) (France) avec Erika la princesse de l&rsquo;accord\u00e9on, Laurent Pire, Denis SALESSE &amp; son orchestre, St\u00e9phanie RODRIGUEZ, Andr\u00e9 LOPPE, Pierre-Fran&ccedil;ois DUQUEYROIS, Pascal MICHAUD, S\u00e9bastien FARGE, Pascal TERRIBLE, Jean-Pierre ROY, Nicole BERGES, Clody Musette, Thierry GUITTON. etc&#8230;  <br \/><\/b><\/font><\/div>\n<p align=\"center\"> <img decoding=\"async\" src=\"\/A\/N\/D\/festival20150815vouleme1erika1sptja86musicadeon.jpg\" \/><\/p>\n<p align=\"center\"> <img decoding=\"async\" src=\"\/A\/N\/D\/festival20150815vouleme1erika2sptja86musicadeon.jpg\" \/><\/p>\n<p align=\"center\"> <img decoding=\"async\" src=\"\/A\/N\/D\/festival20150815vouleme1erika3sptja86musicadeon.jpg\" \/><\/p>\n<p align=\"center\"> <img decoding=\"async\" src=\"\/A\/N\/D\/festival20150815vouleme1erika4sptja86musicadeon.jpg\" \/><\/p>\n<p align=\"center\"> <img decoding=\"async\" src=\"\/A\/N\/D\/festival20150815vouleme1erika5sptja86musicadeon.jpg\" \/><\/p>\n<p align=\"center\"> <img decoding=\"async\" src=\"\/A\/N\/D\/festival20150815vouleme1erika7sptja86musicadeon.jpg\" \/><\/p>\n<p align=\"center\"> <img decoding=\"async\" src=\"\/A\/N\/D\/festival20150815vouleme1erika8sptja86musicadeon.jpg\" \/><\/p>\n<p align=\"center\"> <img decoding=\"async\" src=\"\/A\/N\/D\/festival20150815vouleme1erika6sptja86musicadeon.jpg\" \/><\/p>\n<p align=\"center\"> <img decoding=\"async\" src=\"\/A\/N\/D\/festival20150815vouleme1erika9sptja86musicadeon.jpg\" \/><\/p>\n<p align=\"center\"> <img decoding=\"async\" src=\"\/A\/N\/D\/festival20150815vouleme1erika10sptja86musicadeon.jpg\" \/><\/p>\n<p align=\"center\"> <img decoding=\"async\" src=\"\/A\/N\/D\/festival20150815vouleme1erika11sptja86musicadeon.jpg\" \/><\/p>\n<p align=\"center\"> <img decoding=\"async\" src=\"\/A\/N\/D\/festival20150815vouleme1erika12sptja86musicadeon.jpg\" \/><\/p>\n<p align=\"center\"> <img decoding=\"async\" src=\"\/A\/N\/D\/festival20150815vouleme1erika13sptja86musicadeon.jpg\" \/><\/p>\n<p align=\"center\"> <img decoding=\"async\" src=\"\/A\/N\/D\/festival20150815vouleme1erika14sptja86musicadeon.jpg\" \/><\/p>\n<p align=\"center\"> <img decoding=\"async\" src=\"\/A\/N\/D\/festival20150815vouleme1erika15sptja86musicadeon.jpg\" \/><\/p>\n<p align=\"center\"> <img decoding=\"async\" src=\"\/A\/N\/D\/festival20150815vouleme1erika16sptja86musicadeon.jpg\" \/><\/p>\n<p align=\"center\"> <img decoding=\"async\" src=\"\/A\/N\/D\/festival20150815vouleme1erika17sptja86musicadeon.jpg\" \/><\/p>\n<p align=\"center\"> <img decoding=\"async\" src=\"\/A\/N\/D\/festival20150815vouleme1erika18sptja86musicadeon.jpg\" \/><\/p>\n<p align=\"center\"> <img decoding=\"async\" src=\"\/A\/N\/D\/festival20150815vouleme1erika19sptja86musicadeon.jpg\" \/><\/p>\n<p align=\"center\"> <img decoding=\"async\" src=\"\/A\/N\/D\/festival20150815vouleme1erika20sptja86musicadeon.jpg\" \/><\/p>\n<p align=\"center\"><\/p>\n<p align=\"center\"> <img decoding=\"async\" src=\"\/A\/N\/D\/festival20150815vouleme1erika22sptja86musicadeon.jpg\" \/><\/p>\n<p align=\"center\"> <img decoding=\"async\" src=\"\/A\/N\/D\/festival20150815vouleme1erika23sptja86musicadeon.jpg\" \/><\/p>\n<p align=\"center\"> <img decoding=\"async\" src=\"\/A\/N\/D\/festival20150815vouleme1erika24sptja86musicadeon.jpg\" \/><\/p>\n<p align=\"center\"> <img decoding=\"async\" src=\"\/A\/N\/D\/festival20150815vouleme1erika25sptja86musicadeon.jpg\" \/><\/p>\n<p align=\"center\"> <img decoding=\"async\" src=\"\/A\/N\/D\/festival20150815vouleme1erika26sptja86musicadeon.jpg\" \/><\/p>\n<p align=\"center\"> <img decoding=\"async\" src=\"\/A\/N\/D\/festival20150815vouleme1erika27sptja86musicadeon.jpg\" \/><\/p>\n<p align=\"center\"> <img decoding=\"async\" src=\"\/A\/N\/D\/festival20150815vouleme1erika28sptja86musicadeon.jpg\" \/><\/p>\n<p align=\"center\"> <img decoding=\"async\" src=\"\/A\/N\/D\/festival20150815vouleme1erika35sptja86musicadeon.jpg\" \/>&nbsp;<\/p>\n<p align=\"center\"> <img decoding=\"async\" src=\"\/A\/N\/D\/festival20150815vouleme1erika29sptja86musicadeon.jpg\" \/><\/p>\n<p align=\"center\"> <img decoding=\"async\" src=\"\/A\/N\/D\/festival20150815vouleme1erika30sptja86musicadeon.jpg\" \/><\/p>\n<p align=\"center\"> <img decoding=\"async\" src=\"\/A\/N\/D\/festival20150815vouleme1erika31sptja86musicadeon.jpg\" \/><\/p>\n<p align=\"center\"> <img decoding=\"async\" src=\"\/A\/N\/D\/festival20150815vouleme1erika32sptja86musicadeon.jpg\" \/><\/p>\n<p align=\"center\"> <img decoding=\"async\" src=\"\/A\/N\/D\/festival20150815vouleme1erika33sptja86musicadeon.jpg\" \/><\/p>\n<p align=\"center\"> <img decoding=\"async\" src=\"\/A\/N\/D\/festival20150815vouleme1erika34sptja86musicadeon.jpg\" \/><\/p>\n<p align=\"center\"><\/p>\n","protected":false},"excerpt":{"rendered":"<p>Le samedi 15 ao\u00fbt 2015 Festival d&rsquo;accord\u00e9on \u00e0 Voul\u00eame (86) (France) avec Erika la princesse de l&rsquo;accord\u00e9on, Laurent Pire, Denis SALESSE &amp; son orchestre, St\u00e9phanie&#8230;<\/p>\n","protected":false},"author":1,"featured_media":0,"comment_status":"closed","ping_status":"open","sticky":false,"template":"","format":"standard","meta":[],"categories":[3],"tags":[5],"_links":{"self":[{"href":"http:\/\/www.musicadeon.com\/index.php\/wp-json\/wp\/v2\/posts\/4067"}],"collection":[{"href":"http:\/\/www.musicadeon.com\/index.php\/wp-json\/wp\/v2\/posts"}],"about":[{"href":"http:\/\/www.musicadeon.com\/index.php\/wp-json\/wp\/v2\/types\/post"}],"author":[{"embeddable":true,"href":"http:\/\/www.musicadeon.com\/index.php\/wp-json\/wp\/v2\/users\/1"}],"replies":[{"embeddable":true,"href":"http:\/\/www.musicadeon.com\/index.php\/wp-json\/wp\/v2\/comments?post=4067"}],"version-history":[{"count":0,"href":"http:\/\/www.musicadeon.com\/index.php\/wp-json\/wp\/v2\/posts\/4067\/revisions"}],"wp:attachment":[{"href":"http:\/\/www.musicadeon.com\/index.php\/wp-json\/wp\/v2\/media?parent=4067"}],"wp:term":[{"taxonomy":"category","embeddable":true,"href":"http:\/\/www.musicadeon.com\/index.php\/wp-json\/wp\/v2\/categories?post=4067"},{"taxonomy":"post_tag","embeddable":true,"href":"http:\/\/www.musicadeon.com\/index.php\/wp-json\/wp\/v2\/tags?post=4067"}],"curies":[{"name":"wp","href":"https:\/\/api.w.org\/{rel}","templated":true}]}}