{"id":4085,"date":"2015-10-14T02:00:00","date_gmt":"2015-10-14T00:00:00","guid":{"rendered":"http:\/\/www.musicadeon.com\/index.php\/2015\/10\/14\/le-livre-laccordeon-de-pierre-monichon-et-alexandre-juan\/"},"modified":"2015-10-14T02:00:00","modified_gmt":"2015-10-14T00:00:00","slug":"le-livre-laccordeon-de-pierre-monichon-et-alexandre-juan","status":"publish","type":"post","link":"http:\/\/www.musicadeon.com\/index.php\/2015\/10\/14\/le-livre-laccordeon-de-pierre-monichon-et-alexandre-juan\/","title":{"rendered":"Le livre &quot;l&rsquo;accord\u00e9on&quot; de Pierre MONICHON  et Alexandre JUAN."},"content":{"rendered":"<p align=\"center\"> <img decoding=\"async\" src=\"\/A\/N\/D\/livre2015accordeon1editions2cyril.jpg\" \/><\/p>\n<p align=\"center\"><\/p>\n<p align=\"center\"><font size=\"5\"><b>Bonjour,  <br \/>Une promotion pour acheter le livre \u00ab\u00a0l&rsquo;accord\u00e9on\u00a0\u00bb de Pierre MONICHON\u00a0 et Alexandre JUAN.  <br \/>Faites vous plaisir ou pr\u00e9parez vos cadeaux de no\u00ebl.  <br \/>Les frais de port sont offerts&#8230;&#8230;.7 \u20ac d&rsquo;\u00e9conomie&#8230;profitez &#8211; en !  <\/p>\n<p>Comment faire ?\u00a0 C&rsquo;est simple vous t\u00e9l\u00e9chargez le bon de commande joint \u00e0 ce courrier.  <br \/>Vous le remplissez, et l&rsquo;envoyez \u00e0 l&rsquo;adresse indiqu\u00e9e avec votre r\u00e8glement.  <br \/>Les livres sont exp\u00e9di\u00e9s sous 48 h.  <\/p>\n<p>Cordialement  <\/p>\n<p>Les \u00e9ditions Cyrill Demian<\/b><\/font>  <\/p>\n","protected":false},"excerpt":{"rendered":"<p>Bonjour, Une promotion pour acheter le livre \u00ab\u00a0l&rsquo;accord\u00e9on\u00a0\u00bb de Pierre MONICHON\u00a0 et Alexandre JUAN. Faites vous plaisir ou pr\u00e9parez vos cadeaux de no\u00ebl. Les frais&#8230;<\/p>\n","protected":false},"author":1,"featured_media":0,"comment_status":"closed","ping_status":"open","sticky":false,"template":"","format":"standard","meta":[],"categories":[3],"tags":[5],"_links":{"self":[{"href":"http:\/\/www.musicadeon.com\/index.php\/wp-json\/wp\/v2\/posts\/4085"}],"collection":[{"href":"http:\/\/www.musicadeon.com\/index.php\/wp-json\/wp\/v2\/posts"}],"about":[{"href":"http:\/\/www.musicadeon.com\/index.php\/wp-json\/wp\/v2\/types\/post"}],"author":[{"embeddable":true,"href":"http:\/\/www.musicadeon.com\/index.php\/wp-json\/wp\/v2\/users\/1"}],"replies":[{"embeddable":true,"href":"http:\/\/www.musicadeon.com\/index.php\/wp-json\/wp\/v2\/comments?post=4085"}],"version-history":[{"count":0,"href":"http:\/\/www.musicadeon.com\/index.php\/wp-json\/wp\/v2\/posts\/4085\/revisions"}],"wp:attachment":[{"href":"http:\/\/www.musicadeon.com\/index.php\/wp-json\/wp\/v2\/media?parent=4085"}],"wp:term":[{"taxonomy":"category","embeddable":true,"href":"http:\/\/www.musicadeon.com\/index.php\/wp-json\/wp\/v2\/categories?post=4085"},{"taxonomy":"post_tag","embeddable":true,"href":"http:\/\/www.musicadeon.com\/index.php\/wp-json\/wp\/v2\/tags?post=4085"}],"curies":[{"name":"wp","href":"https:\/\/api.w.org\/{rel}","templated":true}]}}