{"id":4090,"date":"2015-11-12T01:00:00","date_gmt":"2015-11-12T00:00:00","guid":{"rendered":"http:\/\/www.musicadeon.com\/index.php\/2015\/11\/12\/lasbl-hell-m-prod-en-collaboration-avec-lasbl-s-p-t-j-a-organise-le-1eme-festival-daccordeon\/"},"modified":"2015-11-12T01:00:00","modified_gmt":"2015-11-12T00:00:00","slug":"lasbl-hell-m-prod-en-collaboration-avec-lasbl-s-p-t-j-a-organise-le-1eme-festival-daccordeon","status":"publish","type":"post","link":"http:\/\/www.musicadeon.com\/index.php\/2015\/11\/12\/lasbl-hell-m-prod-en-collaboration-avec-lasbl-s-p-t-j-a-organise-le-1eme-festival-daccordeon\/","title":{"rendered":"L&rsquo;Asbl &quot;HELL &amp; M PROD&quot; en collaboration avec l&rsquo;Asbl S.P.T.J.A. organise le 1\u00e8me festival d&rsquo;accord\u00e9on"},"content":{"rendered":"<p><b>L&rsquo;Asbl \u00ab\u00a0HELL &amp; M PROD\u00a0\u00bb en collaboration avec l&rsquo;Asbl S.P.T.J.A. organise le 1\u00e8me festival d&rsquo;accord\u00e9on le dimanche 17 janvier 2016 \u00e0 11h00 en la (MAISON DU PEUPLE) \u00e0 Chapelle-lez-Herlaimont (Belgique) retrouvez la princesse de l&rsquo;accord\u00e9on <a href=\"http:\/\/www.erika.be\" target=\"_blank\" rel=\"noopener noreferrer\">Erika<\/a> avec son orchestre, Armand Gerard, Anthony Basilico, Laura Namur. Info: 0032(0)475.205.804<\/b><\/p>\n<p align=\"center\"> <img decoding=\"async\" src=\"\/A\/N\/D\/festival20160117accordeonsptja1chapelle1lez1herlaimont2sptja.jpg\" \/><\/p>\n<p><P align=center><IMG src=\"\/A\/N\/D\/chapelle1lez1herlaimonr201601171sptja1musicadeon.jpg\"><\/P><P align=center><IMG src=\"\/A\/N\/D\/chapelle1lez1herlaimonr201601171sptja3musicadeon.jpg\"><\/P><P align=center><IMG src=\"\/A\/N\/D\/chapelle1lez1herlaimonr201601171sptja4musicadeon.jpg\"><\/P><P align=center><IMG src=\"\/A\/N\/D\/chapelle1lez1herlaimonr201601171sptja5musicadeon.jpg\"><\/P><P align=center><IMG src=\"\/A\/N\/D\/chapelle1lez1herlaimonr201601171sptja6musicadeon.jpg\"><\/P><P align=center><IMG src=\"\/A\/N\/D\/chapelle1lez1herlaimonr201601171sptja7musicadeon.jpg\"><\/P><P align=center><IMG src=\"\/A\/N\/D\/chapelle1lez1herlaimonr201601171sptja8musicadeon.jpg\"><\/P><P align=center><IMG src=\"\/A\/N\/D\/chapelle1lez1herlaimonr201601171sptja9musicadeon.jpg\"><\/P><P align=center><IMG src=\"\/A\/N\/D\/chapelle1lez1herlaimonr201601171sptja10musicadeon.jpg\"><\/P><P align=center><IMG src=\"\/A\/N\/D\/chapelle1lez1herlaimonr201601171sptja11musicadeon.jpg\"><\/P><P align=center><IMG src=\"\/A\/N\/D\/chapelle1lez1herlaimonr201601171sptja12musicadeon.jpg\"><\/P><P align=center><IMG src=\"\/A\/N\/D\/chapelle1lez1herlaimonr201601171sptja13musicadeon.jpg\"><\/P><P align=center><IMG src=\"\/A\/N\/D\/chapelle1lez1herlaimonr201601171sptja14musicadeon.jpg\"><\/P><P align=center><IMG src=\"\/A\/N\/D\/chapelle1lez1herlaimonr201601171sptja15musicadeon.jpg\"><\/P><P align=center><IMG src=\"\/A\/N\/D\/chapelle1lez1herlaimonr201601171sptja17musicadeon.jpg\"><\/P><P align=center><IMG src=\"\/A\/N\/D\/chapelle1lez1herlaimonr201601171sptja16musicadeon.jpg\"><\/P><P align=center><IMG src=\"\/A\/N\/D\/chapelle1lez1herlaimonr201601171sptja2musicadeon.jpg\"><\/P><\/p>\n","protected":false},"excerpt":{"rendered":"<p>L&rsquo;Asbl \u00ab\u00a0HELL &amp; M PROD\u00a0\u00bb en collaboration avec l&rsquo;Asbl S.P.T.J.A. organise le 1\u00e8me festival d&rsquo;accord\u00e9on le dimanche 17 janvier 2016 \u00e0 11h00 en la (MAISON&#8230;<\/p>\n","protected":false},"author":1,"featured_media":0,"comment_status":"closed","ping_status":"open","sticky":false,"template":"","format":"standard","meta":[],"categories":[3],"tags":[5],"_links":{"self":[{"href":"http:\/\/www.musicadeon.com\/index.php\/wp-json\/wp\/v2\/posts\/4090"}],"collection":[{"href":"http:\/\/www.musicadeon.com\/index.php\/wp-json\/wp\/v2\/posts"}],"about":[{"href":"http:\/\/www.musicadeon.com\/index.php\/wp-json\/wp\/v2\/types\/post"}],"author":[{"embeddable":true,"href":"http:\/\/www.musicadeon.com\/index.php\/wp-json\/wp\/v2\/users\/1"}],"replies":[{"embeddable":true,"href":"http:\/\/www.musicadeon.com\/index.php\/wp-json\/wp\/v2\/comments?post=4090"}],"version-history":[{"count":0,"href":"http:\/\/www.musicadeon.com\/index.php\/wp-json\/wp\/v2\/posts\/4090\/revisions"}],"wp:attachment":[{"href":"http:\/\/www.musicadeon.com\/index.php\/wp-json\/wp\/v2\/media?parent=4090"}],"wp:term":[{"taxonomy":"category","embeddable":true,"href":"http:\/\/www.musicadeon.com\/index.php\/wp-json\/wp\/v2\/categories?post=4090"},{"taxonomy":"post_tag","embeddable":true,"href":"http:\/\/www.musicadeon.com\/index.php\/wp-json\/wp\/v2\/tags?post=4090"}],"curies":[{"name":"wp","href":"https:\/\/api.w.org\/{rel}","templated":true}]}}