{"id":4100,"date":"2015-12-03T01:00:00","date_gmt":"2015-12-03T00:00:00","guid":{"rendered":"http:\/\/www.musicadeon.com\/index.php\/2015\/12\/03\/5eme-concours-international-daccordeon\/"},"modified":"2015-12-03T01:00:00","modified_gmt":"2015-12-03T00:00:00","slug":"5eme-concours-international-daccordeon","status":"publish","type":"post","link":"http:\/\/www.musicadeon.com\/index.php\/2015\/12\/03\/5eme-concours-international-daccordeon\/","title":{"rendered":"5\u00e8me CONCOURS INTERNATIONAL D&rsquo;ACCORDEON"},"content":{"rendered":"<p align=\"justify\">&nbsp;  <\/p>\n<p>&nbsp;<\/p>\n<p>&nbsp;<\/p>\n<div align=\"center\">\n<p><span class=\"auto-style52\" style=\"FONT-SIZE:20.0pt;\"><b><font size=\"4\">5<\/font><\/b><\/span><font size=\"4\"><b><span class=\"auto-style52\" style=\"FONT-SIZE:18.0pt;\"><b>\u00e8me<\/b><\/span><span class=\"auto-style52\" style=\"FONT-SIZE:14.0pt;\"><b> CONCOURS INTERNATIONAL D&rsquo;ACCORDEON<\/b><\/span><span style=\"font-size:14.0pt;font-family:\"><\/span><\/b>    <br class=\"auto-style54\" \/><b><span style=\"font-size:14.0pt;font-family:\"> <\/span> <\/b><\/font>  <\/p>\n<\/div>\n<p class=\"auto-style37\" align=\"center\">\n<div align=\"center\"><font size=\"4\"><b> <\/b><\/font><\/div>\n<p class=\"auto-style38\" align=\"center\"><font size=\"4\"><b><span class=\"auto-style48\">En 2016, 5\u00e8me rendez-vous Accord\u00e9o&rsquo;Opale, r\u00e9unira des accord\u00e9onistes d\u00e9butants ou chevronn\u00e9s&nbsp; depuis le premier cycle ( d\u00e9butants ) jusqu&rsquo;aux solistes confirm\u00e9s.<\/span><span class=\"auto-style54\"><\/span><span style=\"font-size:14.0pt;\"><\/span><\/b><\/font><\/p>\n<div align=\"center\"><font size=\"4\"><b> <\/b><\/font><\/div>\n<p class=\"auto-style51\" style=\"\" align=\"center\"><font size=\"4\"><b>Cette ann\u00e9e, nous accueillerons \u00e9galement les DUOS . C&rsquo;est aussi pour les vacanciers et la population locale l&rsquo;occasion unique dans la r\u00e9gion de profiter de ce&nbsp;&nbsp;week-end pour d\u00e9couvrir toutes les facettes de l&rsquo;accord\u00e9on, vari\u00e9t\u00e9 ou classique et d&rsquo;en appr\u00e9cier toute l&rsquo;\u00e9tendue avec les concerts propos\u00e9s pour la circonstance . <\/b><\/font><\/p>\n<div align=\"center\"><font size=\"4\"><b> <\/b><\/font><\/div>\n<p class=\"auto-style51\" style=\"\" align=\"center\"><font size=\"4\"><b>Un jury de haut niveau, de personnalit\u00e9s du monde de la musique et de l&rsquo;accord\u00e9on, et une tr\u00e8s sympathique \u00e9quipe de b\u00e9n\u00e9voles de l&rsquo;Association devrait permettre \u00e0 cette 5\u00e8me \u00e9dition d&rsquo;\u00eatre \u00e0 la hauteur de ses ambitions en 2016.<\/b><\/font><\/p>\n<div align=\"center\"><font size=\"4\"><b> <\/b><\/font><\/div>\n<p class=\"auto-style45\" style=\"\" align=\"center\"><font size=\"4\"><b>La dotation globale est de 3000 euros.<\/b><\/font><\/p>\n<div align=\"center\"><font size=\"4\"><b> <\/b><\/font><\/div>\n<p class=\"auto-style38\" align=\"center\"><font size=\"4\"><b> <span style=\"font-size:14.0pt;\">&nbsp;<\/span><\/b><\/font><\/p>\n<div align=\"center\"><font size=\"4\"><b> <\/b><\/font><\/div>\n<p class=\"auto-style51\" style=\"\" align=\"center\"><font size=\"4\"><b>Le concours International d&rsquo;accord\u00e9on se d\u00e9roulera les&nbsp; :<\/b><\/font><\/p>\n<div align=\"center\"><font size=\"4\"><b> <\/b><\/font><\/div>\n<p class=\"auto-style39\" align=\"center\"> <font size=\"4\"><b><span class=\"auto-style43\" style=\"FONT-SIZE:16.0pt;\">Samedi&nbsp; 30 avril 2016<\/span><span class=\"auto-style52\" style=\"FONT-SIZE:16.0pt;\">&nbsp;&nbsp; <\/span> <span class=\"auto-style42\" style=\"FONT-SIZE:14.0pt;\"> <span class=\"auto-style54\">pour les cat\u00e9gories jeunes talents des cycles 1,2 et<\/span><span style=\"\" class=\"auto-style54\"> <\/span><span class=\"auto-style54\">3 sup\u00e9rieur<\/span> <span style=\"\" class=\"auto-style54\">&nbsp;<\/span><span class=\"auto-style54\">ainsi que les<\/span><span class=\"auto-style50\"> <\/span><\/span> <span style=\"font-size:14.0pt;\"> <span class=\"auto-style42\" style=\"\"> <span class=\"auto-style54\"> <b>duos<\/b>.<\/span><\/span><\/span><\/b><\/font><\/p>\n<div align=\"center\"><font size=\"4\"><b> <\/b><\/font><\/div>\n<p class=\"auto-style40\" align=\"center\"> <font size=\"4\"><b><span class=\"auto-style43\" style=\"FONT-SIZE:16.0pt;\">Dimanche 1er&nbsp; mai 2016<\/span><span class=\"auto-style52\" style=\"FONT-SIZE:16.0pt;\">&nbsp; <\/span> <span class=\"auto-style52\" style=\"FONT-SIZE:14.0pt;\">pour les cat\u00e9gories \u00a0\u00bb excellence et <\/span><\/b><\/font><\/p>\n<div align=\"center\"><font size=\"4\"><b> <\/b><\/font><\/div>\n<p class=\"auto-style46\" style=\"\" align=\"center\"><font size=\"4\"><b>Solistes concertistes pour le Troph\u00e9e Accord\u00e9&rsquo;Opale 2016 \u00ab\u00a0<\/b><\/font><\/p>\n<div align=\"center\"><font size=\"4\"><b> <\/b><\/font><\/div>\n<p class=\"auto-style40\" align=\"center\"><font size=\"4\"><b> <span style=\"font-size:14.0pt;\">&nbsp;<\/span><\/b><\/font><\/p>\n<div align=\"center\"><font size=\"4\"><b> <\/b><\/font><\/div>\n<p class=\"auto-style51\" style=\"\" align=\"center\"><font size=\"4\"><b>Toutes les auditions sont accessibles au public ( entr\u00e9e gratuite )&nbsp;<\/b><\/font><\/p>\n<div align=\"center\"><font size=\"4\"><b> <\/b><\/font><\/div>\n<p class=\"auto-style44\" style=\"\" align=\"center\"> <font size=\"4\"><b><span class=\"auto-style54\">Le concours de d\u00e9roulera dans les salons de l&rsquo;<\/span><span class=\"auto-style30\"> <span class=\"auto-style50\">H\u00f4tel R\u00e9gina<\/span><\/span><span class=\"auto-style54\"> \u00e0 Berck-sur-mer.<\/span><\/b><\/font><\/p>\n<p align=\"center\"><a href=\"http:\/\/www.accordeopale.com\/#\/concours\"><font size=\"5\"><b>http:\/\/www.accordeopale.com\/#\/concours <\/b><\/font><\/a>  <\/p>\n","protected":false},"excerpt":{"rendered":"<p>&nbsp; &nbsp; &nbsp; 5\u00e8me CONCOURS INTERNATIONAL D&rsquo;ACCORDEON En 2016, 5\u00e8me rendez-vous Accord\u00e9o&rsquo;Opale, r\u00e9unira des accord\u00e9onistes d\u00e9butants ou chevronn\u00e9s&nbsp; depuis le premier cycle ( d\u00e9butants )&#8230;<\/p>\n","protected":false},"author":1,"featured_media":0,"comment_status":"closed","ping_status":"open","sticky":false,"template":"","format":"standard","meta":[],"categories":[3],"tags":[5],"_links":{"self":[{"href":"http:\/\/www.musicadeon.com\/index.php\/wp-json\/wp\/v2\/posts\/4100"}],"collection":[{"href":"http:\/\/www.musicadeon.com\/index.php\/wp-json\/wp\/v2\/posts"}],"about":[{"href":"http:\/\/www.musicadeon.com\/index.php\/wp-json\/wp\/v2\/types\/post"}],"author":[{"embeddable":true,"href":"http:\/\/www.musicadeon.com\/index.php\/wp-json\/wp\/v2\/users\/1"}],"replies":[{"embeddable":true,"href":"http:\/\/www.musicadeon.com\/index.php\/wp-json\/wp\/v2\/comments?post=4100"}],"version-history":[{"count":0,"href":"http:\/\/www.musicadeon.com\/index.php\/wp-json\/wp\/v2\/posts\/4100\/revisions"}],"wp:attachment":[{"href":"http:\/\/www.musicadeon.com\/index.php\/wp-json\/wp\/v2\/media?parent=4100"}],"wp:term":[{"taxonomy":"category","embeddable":true,"href":"http:\/\/www.musicadeon.com\/index.php\/wp-json\/wp\/v2\/categories?post=4100"},{"taxonomy":"post_tag","embeddable":true,"href":"http:\/\/www.musicadeon.com\/index.php\/wp-json\/wp\/v2\/tags?post=4100"}],"curies":[{"name":"wp","href":"https:\/\/api.w.org\/{rel}","templated":true}]}}