{"id":4117,"date":"2016-02-16T01:00:00","date_gmt":"2016-02-16T00:00:00","guid":{"rendered":"http:\/\/www.musicadeon.com\/index.php\/2016\/02\/16\/a-vos-agendas-28-02-2016\/"},"modified":"2016-02-16T01:00:00","modified_gmt":"2016-02-16T00:00:00","slug":"a-vos-agendas-28-02-2016","status":"publish","type":"post","link":"http:\/\/www.musicadeon.com\/index.php\/2016\/02\/16\/a-vos-agendas-28-02-2016\/","title":{"rendered":"\u00c0 vos agendas (28-02-2016)"},"content":{"rendered":"<p>Le dimanche 28 f\u00e9vrier 2016 au \u00ab\u00a0RESTAURANT 11 S\u2019Y SENT BIEN \u00a0\u00bb \u00e0 Floreffe (Belgique) Th\u00e9 dansant avec l&rsquo;incomparable princesse de l&rsquo;accord\u00e9on Erika &amp; Jean-Marie d\u00e9s 14h00 Info: 0032(0)475.205.804<\/p>\n","protected":false},"excerpt":{"rendered":"<p>Le dimanche 28 f\u00e9vrier 2016 au \u00ab\u00a0RESTAURANT 11 S\u2019Y SENT BIEN \u00a0\u00bb \u00e0 Floreffe (Belgique) Th\u00e9 dansant avec l&rsquo;incomparable princesse de l&rsquo;accord\u00e9on Erika &amp; Jean-Marie&#8230;<\/p>\n","protected":false},"author":1,"featured_media":0,"comment_status":"closed","ping_status":"open","sticky":false,"template":"","format":"standard","meta":[],"categories":[1],"tags":[],"_links":{"self":[{"href":"http:\/\/www.musicadeon.com\/index.php\/wp-json\/wp\/v2\/posts\/4117"}],"collection":[{"href":"http:\/\/www.musicadeon.com\/index.php\/wp-json\/wp\/v2\/posts"}],"about":[{"href":"http:\/\/www.musicadeon.com\/index.php\/wp-json\/wp\/v2\/types\/post"}],"author":[{"embeddable":true,"href":"http:\/\/www.musicadeon.com\/index.php\/wp-json\/wp\/v2\/users\/1"}],"replies":[{"embeddable":true,"href":"http:\/\/www.musicadeon.com\/index.php\/wp-json\/wp\/v2\/comments?post=4117"}],"version-history":[{"count":0,"href":"http:\/\/www.musicadeon.com\/index.php\/wp-json\/wp\/v2\/posts\/4117\/revisions"}],"wp:attachment":[{"href":"http:\/\/www.musicadeon.com\/index.php\/wp-json\/wp\/v2\/media?parent=4117"}],"wp:term":[{"taxonomy":"category","embeddable":true,"href":"http:\/\/www.musicadeon.com\/index.php\/wp-json\/wp\/v2\/categories?post=4117"},{"taxonomy":"post_tag","embeddable":true,"href":"http:\/\/www.musicadeon.com\/index.php\/wp-json\/wp\/v2\/tags?post=4117"}],"curies":[{"name":"wp","href":"https:\/\/api.w.org\/{rel}","templated":true}]}}