{"id":4151,"date":"2016-04-25T02:00:00","date_gmt":"2016-04-25T00:00:00","guid":{"rendered":"http:\/\/www.musicadeon.com\/index.php\/2016\/04\/25\/riviere-en-choeur-asbl-concerts-des-28-mai-a-riviere-et-29-mai-a-wepion\/"},"modified":"2016-04-25T02:00:00","modified_gmt":"2016-04-25T00:00:00","slug":"riviere-en-choeur-asbl-concerts-des-28-mai-a-riviere-et-29-mai-a-wepion","status":"publish","type":"post","link":"http:\/\/www.musicadeon.com\/index.php\/2016\/04\/25\/riviere-en-choeur-asbl-concerts-des-28-mai-a-riviere-et-29-mai-a-wepion\/","title":{"rendered":"Rivi\u00e8re en Choeur Asbl, concerts des 28 mai \u00e0 Rivi\u00e8re et 29 mai \u00e0 W\u00e9pion"},"content":{"rendered":"<p><P align=center><IMG src=\"\/A\/N\/D\/riviere20160528en1choeur1musicadeon.jpg\"><\/P><\/p>\n","protected":false},"excerpt":{"rendered":"","protected":false},"author":1,"featured_media":0,"comment_status":"closed","ping_status":"open","sticky":false,"template":"","format":"standard","meta":[],"categories":[3],"tags":[5],"_links":{"self":[{"href":"http:\/\/www.musicadeon.com\/index.php\/wp-json\/wp\/v2\/posts\/4151"}],"collection":[{"href":"http:\/\/www.musicadeon.com\/index.php\/wp-json\/wp\/v2\/posts"}],"about":[{"href":"http:\/\/www.musicadeon.com\/index.php\/wp-json\/wp\/v2\/types\/post"}],"author":[{"embeddable":true,"href":"http:\/\/www.musicadeon.com\/index.php\/wp-json\/wp\/v2\/users\/1"}],"replies":[{"embeddable":true,"href":"http:\/\/www.musicadeon.com\/index.php\/wp-json\/wp\/v2\/comments?post=4151"}],"version-history":[{"count":0,"href":"http:\/\/www.musicadeon.com\/index.php\/wp-json\/wp\/v2\/posts\/4151\/revisions"}],"wp:attachment":[{"href":"http:\/\/www.musicadeon.com\/index.php\/wp-json\/wp\/v2\/media?parent=4151"}],"wp:term":[{"taxonomy":"category","embeddable":true,"href":"http:\/\/www.musicadeon.com\/index.php\/wp-json\/wp\/v2\/categories?post=4151"},{"taxonomy":"post_tag","embeddable":true,"href":"http:\/\/www.musicadeon.com\/index.php\/wp-json\/wp\/v2\/tags?post=4151"}],"curies":[{"name":"wp","href":"https:\/\/api.w.org\/{rel}","templated":true}]}}