{"id":4212,"date":"2017-05-01T02:00:00","date_gmt":"2017-05-01T00:00:00","guid":{"rendered":"http:\/\/www.musicadeon.com\/index.php\/2017\/05\/01\/a-vos-agendas-01-05-2018\/"},"modified":"2017-05-01T02:00:00","modified_gmt":"2017-05-01T00:00:00","slug":"a-vos-agendas-01-05-2018","status":"publish","type":"post","link":"http:\/\/www.musicadeon.com\/index.php\/2017\/05\/01\/a-vos-agendas-01-05-2018\/","title":{"rendered":"\u00c0 vos agendas (01-05-2018)"},"content":{"rendered":"<p>Le mardi 1 mai 2018 \u00e0 14h00 (MAISON DU PEUPLE) \u00e0 Braine L&rsquo;Alleud (Belgique) retrouvez l&rsquo;incomparables princesse de l&rsquo;accord\u00e9on <a href=\"http:\/\/www.erika.be\" target=\"_blank\" rel=\"noopener noreferrer\">Erika<\/a> &amp; Jean-Marie pour un th\u00e9 dansant Info: 0032(0)475.205.804<\/p>\n","protected":false},"excerpt":{"rendered":"<p>Le mardi 1 mai 2018 \u00e0 14h00 (MAISON DU PEUPLE) \u00e0 Braine L&rsquo;Alleud (Belgique) retrouvez l&rsquo;incomparables princesse de l&rsquo;accord\u00e9on Erika &amp; Jean-Marie pour un th\u00e9&#8230;<\/p>\n","protected":false},"author":1,"featured_media":0,"comment_status":"closed","ping_status":"open","sticky":false,"template":"","format":"standard","meta":[],"categories":[1],"tags":[],"_links":{"self":[{"href":"http:\/\/www.musicadeon.com\/index.php\/wp-json\/wp\/v2\/posts\/4212"}],"collection":[{"href":"http:\/\/www.musicadeon.com\/index.php\/wp-json\/wp\/v2\/posts"}],"about":[{"href":"http:\/\/www.musicadeon.com\/index.php\/wp-json\/wp\/v2\/types\/post"}],"author":[{"embeddable":true,"href":"http:\/\/www.musicadeon.com\/index.php\/wp-json\/wp\/v2\/users\/1"}],"replies":[{"embeddable":true,"href":"http:\/\/www.musicadeon.com\/index.php\/wp-json\/wp\/v2\/comments?post=4212"}],"version-history":[{"count":0,"href":"http:\/\/www.musicadeon.com\/index.php\/wp-json\/wp\/v2\/posts\/4212\/revisions"}],"wp:attachment":[{"href":"http:\/\/www.musicadeon.com\/index.php\/wp-json\/wp\/v2\/media?parent=4212"}],"wp:term":[{"taxonomy":"category","embeddable":true,"href":"http:\/\/www.musicadeon.com\/index.php\/wp-json\/wp\/v2\/categories?post=4212"},{"taxonomy":"post_tag","embeddable":true,"href":"http:\/\/www.musicadeon.com\/index.php\/wp-json\/wp\/v2\/tags?post=4212"}],"curies":[{"name":"wp","href":"https:\/\/api.w.org\/{rel}","templated":true}]}}