{"id":4213,"date":"2017-05-16T02:00:00","date_gmt":"2017-05-16T00:00:00","guid":{"rendered":"http:\/\/www.musicadeon.com\/index.php\/2017\/05\/16\/a-vos-agendas-26-08-2017\/"},"modified":"2017-05-16T02:00:00","modified_gmt":"2017-05-16T00:00:00","slug":"a-vos-agendas-26-08-2017","status":"publish","type":"post","link":"http:\/\/www.musicadeon.com\/index.php\/2017\/05\/16\/a-vos-agendas-26-08-2017\/","title":{"rendered":"\u00c0 vos agendas (26-08-2017)"},"content":{"rendered":"<p>Le samedi 26  ao\u00fbt 2017  \u00e0 Marck (Belgique)  Bal populaire avec l&rsquo;incomparable princesse de l&rsquo;accord\u00e9on <a href=\"http:\/\/www.erika.be\" target=\"_blank\" rel=\"noopener noreferrer\">Erika<\/a>, Jean-Marie &amp; Pascal Chardon d\u00e9s 20h00 Info: 0032(0)475.205.804<\/p>\n","protected":false},"excerpt":{"rendered":"<p>Le samedi 26 ao\u00fbt 2017 \u00e0 Marck (Belgique) Bal populaire avec l&rsquo;incomparable princesse de l&rsquo;accord\u00e9on Erika, Jean-Marie &amp; Pascal Chardon d\u00e9s 20h00 Info: 0032(0)475.205.804<\/p>\n","protected":false},"author":1,"featured_media":0,"comment_status":"closed","ping_status":"open","sticky":false,"template":"","format":"standard","meta":[],"categories":[1],"tags":[],"_links":{"self":[{"href":"http:\/\/www.musicadeon.com\/index.php\/wp-json\/wp\/v2\/posts\/4213"}],"collection":[{"href":"http:\/\/www.musicadeon.com\/index.php\/wp-json\/wp\/v2\/posts"}],"about":[{"href":"http:\/\/www.musicadeon.com\/index.php\/wp-json\/wp\/v2\/types\/post"}],"author":[{"embeddable":true,"href":"http:\/\/www.musicadeon.com\/index.php\/wp-json\/wp\/v2\/users\/1"}],"replies":[{"embeddable":true,"href":"http:\/\/www.musicadeon.com\/index.php\/wp-json\/wp\/v2\/comments?post=4213"}],"version-history":[{"count":0,"href":"http:\/\/www.musicadeon.com\/index.php\/wp-json\/wp\/v2\/posts\/4213\/revisions"}],"wp:attachment":[{"href":"http:\/\/www.musicadeon.com\/index.php\/wp-json\/wp\/v2\/media?parent=4213"}],"wp:term":[{"taxonomy":"category","embeddable":true,"href":"http:\/\/www.musicadeon.com\/index.php\/wp-json\/wp\/v2\/categories?post=4213"},{"taxonomy":"post_tag","embeddable":true,"href":"http:\/\/www.musicadeon.com\/index.php\/wp-json\/wp\/v2\/tags?post=4213"}],"curies":[{"name":"wp","href":"https:\/\/api.w.org\/{rel}","templated":true}]}}