{"id":4228,"date":"2017-09-01T02:00:00","date_gmt":"2017-09-01T00:00:00","guid":{"rendered":"http:\/\/www.musicadeon.com\/index.php\/2017\/09\/01\/deces-de-notre-membre-effectif-georges-piette-31-08-2017\/"},"modified":"2017-09-01T02:00:00","modified_gmt":"2017-09-01T00:00:00","slug":"deces-de-notre-membre-effectif-georges-piette-31-08-2017","status":"publish","type":"post","link":"http:\/\/www.musicadeon.com\/index.php\/2017\/09\/01\/deces-de-notre-membre-effectif-georges-piette-31-08-2017\/","title":{"rendered":"D\u00e9c\u00e8s de notre Membre Effectif Georges Piette 31\/08\/2017"},"content":{"rendered":"<p><P align=center><IMG src=\"\/A\/N\/D\/georges-piette-sptja-lesves2.jpg\"><\/P>A n\u00f4tre Papy Georges.L&rsquo;ennemi est sournois, Il ne l\u00e2che rien.A ton corps d\u00e9fendant, La vie s&rsquo;\u00e9chappe lentement.Peu \u00e0 peu, tu l\u00e2ches prise, La v\u00e9rit\u00e9, tu l&rsquo;as comprise.Avec dignit\u00e9 et lucidit\u00e9, tu est pr\u00eat \u00e0 l&rsquo;accepter.Dans une s\u00e9r\u00e9nit\u00e9 venue d&rsquo;ailleurs, tu te recentres sur l&rsquo;essentiel.Et tu retrouves les vraies valeurs, Source de vie spirituelle,Sur le chemin de l&rsquo;\u00e9ternit\u00e9 un jour o&ugrave; l&rsquo;autre on se retrouveras car l&rsquo;\u00e2me reste a jamais vivante .A toi Nicole nos sinc\u00e8res condol\u00e9ances.pour L&rsquo; asbl S.P.T.J.A.Mme Honorez<\/p>\n","protected":false},"excerpt":{"rendered":"<p>A n\u00f4tre Papy Georges.L&rsquo;ennemi est sournois, Il ne l\u00e2che rien.A ton corps d\u00e9fendant, La vie s&rsquo;\u00e9chappe lentement.Peu \u00e0 peu, tu l\u00e2ches prise, La v\u00e9rit\u00e9, tu&#8230;<\/p>\n","protected":false},"author":1,"featured_media":0,"comment_status":"closed","ping_status":"open","sticky":false,"template":"","format":"standard","meta":[],"categories":[2],"tags":[],"_links":{"self":[{"href":"http:\/\/www.musicadeon.com\/index.php\/wp-json\/wp\/v2\/posts\/4228"}],"collection":[{"href":"http:\/\/www.musicadeon.com\/index.php\/wp-json\/wp\/v2\/posts"}],"about":[{"href":"http:\/\/www.musicadeon.com\/index.php\/wp-json\/wp\/v2\/types\/post"}],"author":[{"embeddable":true,"href":"http:\/\/www.musicadeon.com\/index.php\/wp-json\/wp\/v2\/users\/1"}],"replies":[{"embeddable":true,"href":"http:\/\/www.musicadeon.com\/index.php\/wp-json\/wp\/v2\/comments?post=4228"}],"version-history":[{"count":0,"href":"http:\/\/www.musicadeon.com\/index.php\/wp-json\/wp\/v2\/posts\/4228\/revisions"}],"wp:attachment":[{"href":"http:\/\/www.musicadeon.com\/index.php\/wp-json\/wp\/v2\/media?parent=4228"}],"wp:term":[{"taxonomy":"category","embeddable":true,"href":"http:\/\/www.musicadeon.com\/index.php\/wp-json\/wp\/v2\/categories?post=4228"},{"taxonomy":"post_tag","embeddable":true,"href":"http:\/\/www.musicadeon.com\/index.php\/wp-json\/wp\/v2\/tags?post=4228"}],"curies":[{"name":"wp","href":"https:\/\/api.w.org\/{rel}","templated":true}]}}