{"id":4230,"date":"2018-01-29T01:00:00","date_gmt":"2018-01-29T00:00:00","guid":{"rendered":"http:\/\/www.musicadeon.com\/index.php\/2018\/01\/29\/3eme-festival-de-laccordeon-a-lessines-belgique\/"},"modified":"2018-01-29T01:00:00","modified_gmt":"2018-01-29T00:00:00","slug":"3eme-festival-de-laccordeon-a-lessines-belgique","status":"publish","type":"post","link":"http:\/\/www.musicadeon.com\/index.php\/2018\/01\/29\/3eme-festival-de-laccordeon-a-lessines-belgique\/","title":{"rendered":"3\u00e8me Festival de l&rsquo;Accord\u00e9on \u00e0 Lessines (Belgique)"},"content":{"rendered":"<p>LE \u00ab\u00a0CENTRE CULTUREL RENE MAGRITTE\u00a0\u00bb en collaboration avec l&rsquo;Asbl S.P.T.J.A. organise le 3\u00e8me festival d&rsquo;accord\u00e9on le dimanche 9 Septembre 2018 \u00e0 12h30 \u00e0 Lessines (Belgique) retrouvez la princesse de l&rsquo;accord\u00e9on Erika avec son orchestre, Stephanie Rodriguez, Cedric Ciero, Roger Defurnaux. Info: 0032475205804<\/p>\n<p align=\"center\"><\/p>\n<p align=\"center\"> <img decoding=\"async\" src=\"\/A\/N\/D\/lessines1festival20180909accordeonsptja3.jpg\" \/><\/p>\n<p align=\"center\">&nbsp;<img decoding=\"async\" src=\"\/A\/N\/D\/accordeon-cadence-erika-sptja-perigord29.jpg\" \/><\/p>\n<p align=\"center\"> <img decoding=\"async\" src=\"\/A\/N\/D\/festival1accordeon1lessines20180909sptja1musicadeon.jpg\" \/><\/p>\n","protected":false},"excerpt":{"rendered":"<p>LE \u00ab\u00a0CENTRE CULTUREL RENE MAGRITTE\u00a0\u00bb en collaboration avec l&rsquo;Asbl S.P.T.J.A. organise le 3\u00e8me festival d&rsquo;accord\u00e9on le dimanche 9 Septembre 2018 \u00e0 12h30 \u00e0 Lessines (Belgique)&#8230;<\/p>\n","protected":false},"author":1,"featured_media":0,"comment_status":"closed","ping_status":"open","sticky":false,"template":"","format":"standard","meta":[],"categories":[3],"tags":[5],"_links":{"self":[{"href":"http:\/\/www.musicadeon.com\/index.php\/wp-json\/wp\/v2\/posts\/4230"}],"collection":[{"href":"http:\/\/www.musicadeon.com\/index.php\/wp-json\/wp\/v2\/posts"}],"about":[{"href":"http:\/\/www.musicadeon.com\/index.php\/wp-json\/wp\/v2\/types\/post"}],"author":[{"embeddable":true,"href":"http:\/\/www.musicadeon.com\/index.php\/wp-json\/wp\/v2\/users\/1"}],"replies":[{"embeddable":true,"href":"http:\/\/www.musicadeon.com\/index.php\/wp-json\/wp\/v2\/comments?post=4230"}],"version-history":[{"count":0,"href":"http:\/\/www.musicadeon.com\/index.php\/wp-json\/wp\/v2\/posts\/4230\/revisions"}],"wp:attachment":[{"href":"http:\/\/www.musicadeon.com\/index.php\/wp-json\/wp\/v2\/media?parent=4230"}],"wp:term":[{"taxonomy":"category","embeddable":true,"href":"http:\/\/www.musicadeon.com\/index.php\/wp-json\/wp\/v2\/categories?post=4230"},{"taxonomy":"post_tag","embeddable":true,"href":"http:\/\/www.musicadeon.com\/index.php\/wp-json\/wp\/v2\/tags?post=4230"}],"curies":[{"name":"wp","href":"https:\/\/api.w.org\/{rel}","templated":true}]}}