{"id":4248,"date":"2018-03-21T01:00:00","date_gmt":"2018-03-21T00:00:00","guid":{"rendered":"http:\/\/www.musicadeon.com\/index.php\/2018\/03\/21\/a-vos-agendas-29-09-2018\/"},"modified":"2018-03-21T01:00:00","modified_gmt":"2018-03-21T00:00:00","slug":"a-vos-agendas-29-09-2018","status":"publish","type":"post","link":"http:\/\/www.musicadeon.com\/index.php\/2018\/03\/21\/a-vos-agendas-29-09-2018\/","title":{"rendered":"\u00c0 vos agendas (29-09-2018)"},"content":{"rendered":"<p>Le samedi 29 septembre 2018 d\u00e9s 18h30 \u00e0 Maisiere (Belgique) retrouvez l&rsquo;incomparables princesse de l&rsquo;accord\u00e9on <a href=\"http:\/\/www.erika.be\" target=\"_blank\" rel=\"noopener noreferrer\">Erika<\/a> &amp; Jean-Marie pour un souper aux moules dansant Info: 0032(0)475.205.804<\/p>\n","protected":false},"excerpt":{"rendered":"<p>Le samedi 29 septembre 2018 d\u00e9s 18h30 \u00e0 Maisiere (Belgique) retrouvez l&rsquo;incomparables princesse de l&rsquo;accord\u00e9on Erika &amp; Jean-Marie pour un souper aux moules dansant Info:&#8230;<\/p>\n","protected":false},"author":1,"featured_media":0,"comment_status":"closed","ping_status":"open","sticky":false,"template":"","format":"standard","meta":[],"categories":[1],"tags":[],"_links":{"self":[{"href":"http:\/\/www.musicadeon.com\/index.php\/wp-json\/wp\/v2\/posts\/4248"}],"collection":[{"href":"http:\/\/www.musicadeon.com\/index.php\/wp-json\/wp\/v2\/posts"}],"about":[{"href":"http:\/\/www.musicadeon.com\/index.php\/wp-json\/wp\/v2\/types\/post"}],"author":[{"embeddable":true,"href":"http:\/\/www.musicadeon.com\/index.php\/wp-json\/wp\/v2\/users\/1"}],"replies":[{"embeddable":true,"href":"http:\/\/www.musicadeon.com\/index.php\/wp-json\/wp\/v2\/comments?post=4248"}],"version-history":[{"count":0,"href":"http:\/\/www.musicadeon.com\/index.php\/wp-json\/wp\/v2\/posts\/4248\/revisions"}],"wp:attachment":[{"href":"http:\/\/www.musicadeon.com\/index.php\/wp-json\/wp\/v2\/media?parent=4248"}],"wp:term":[{"taxonomy":"category","embeddable":true,"href":"http:\/\/www.musicadeon.com\/index.php\/wp-json\/wp\/v2\/categories?post=4248"},{"taxonomy":"post_tag","embeddable":true,"href":"http:\/\/www.musicadeon.com\/index.php\/wp-json\/wp\/v2\/tags?post=4248"}],"curies":[{"name":"wp","href":"https:\/\/api.w.org\/{rel}","templated":true}]}}