{"id":635,"date":"2003-03-31T02:00:00","date_gmt":"2003-03-31T00:00:00","guid":{"rendered":"http:\/\/www.musicadeon.com\/index.php\/2003\/03\/31\/o-se-deroulera-le-5eme-festival-de-laccordeon-namurois\/"},"modified":"2003-03-31T02:00:00","modified_gmt":"2003-03-31T00:00:00","slug":"o-se-deroulera-le-5eme-festival-de-laccordeon-namurois","status":"publish","type":"post","link":"http:\/\/www.musicadeon.com\/index.php\/2003\/03\/31\/o-se-deroulera-le-5eme-festival-de-laccordeon-namurois\/","title":{"rendered":"O&ugrave; se d\u00e9roulera le 5\u00e8me festival de l&rsquo;accord\u00e9on namurois?"},"content":{"rendered":"<p><P align=left><FONT face=\"Arial, Helvetica, sans-serif\" size=4>Consultez le site:<\/FONT><\/P><P align=center><A href=\"http:\/\/www.abbaye-de-floreffe.be\/\"><FONT face=\"Georgia, Times New Roman, Times, serif\" size=4>http:\/\/www.abbaye-de-floreffe.be\/<\/FONT><\/A><\/P><\/p>\n","protected":false},"excerpt":{"rendered":"<p>Consultez le site:http:\/\/www.abbaye-de-floreffe.be\/<\/p>\n","protected":false},"author":1,"featured_media":0,"comment_status":"closed","ping_status":"open","sticky":false,"template":"","format":"standard","meta":[],"categories":[3],"tags":[5],"_links":{"self":[{"href":"http:\/\/www.musicadeon.com\/index.php\/wp-json\/wp\/v2\/posts\/635"}],"collection":[{"href":"http:\/\/www.musicadeon.com\/index.php\/wp-json\/wp\/v2\/posts"}],"about":[{"href":"http:\/\/www.musicadeon.com\/index.php\/wp-json\/wp\/v2\/types\/post"}],"author":[{"embeddable":true,"href":"http:\/\/www.musicadeon.com\/index.php\/wp-json\/wp\/v2\/users\/1"}],"replies":[{"embeddable":true,"href":"http:\/\/www.musicadeon.com\/index.php\/wp-json\/wp\/v2\/comments?post=635"}],"version-history":[{"count":0,"href":"http:\/\/www.musicadeon.com\/index.php\/wp-json\/wp\/v2\/posts\/635\/revisions"}],"wp:attachment":[{"href":"http:\/\/www.musicadeon.com\/index.php\/wp-json\/wp\/v2\/media?parent=635"}],"wp:term":[{"taxonomy":"category","embeddable":true,"href":"http:\/\/www.musicadeon.com\/index.php\/wp-json\/wp\/v2\/categories?post=635"},{"taxonomy":"post_tag","embeddable":true,"href":"http:\/\/www.musicadeon.com\/index.php\/wp-json\/wp\/v2\/tags?post=635"}],"curies":[{"name":"wp","href":"https:\/\/api.w.org\/{rel}","templated":true}]}}