{"id":65,"date":"2001-12-25T01:00:00","date_gmt":"2001-12-25T00:00:00","guid":{"rendered":"http:\/\/www.musicadeon.com\/index.php\/2001\/12\/25\/a-vos-agendas-24-02-2002\/"},"modified":"2001-12-25T01:00:00","modified_gmt":"2001-12-25T00:00:00","slug":"a-vos-agendas-24-02-2002","status":"publish","type":"post","link":"http:\/\/www.musicadeon.com\/index.php\/2001\/12\/25\/a-vos-agendas-24-02-2002\/","title":{"rendered":"\u00c0 vos agendas (24-02-2002)"},"content":{"rendered":"<p>le samedi 24 f\u00e9vrier d\u00e9s 15h amateur de musique populaire la princesse de l&rsquo;accord\u00e9on ERIKA et son orchestre vous feront danser en la salle des f\u00eates a Tournes (france)a l&rsquo;occasion d&rsquo;un th\u00e9 dansant<\/p>\n","protected":false},"excerpt":{"rendered":"<p>le samedi 24 f\u00e9vrier d\u00e9s 15h amateur de musique populaire la princesse de l&rsquo;accord\u00e9on ERIKA et son orchestre vous feront danser en la salle des&#8230;<\/p>\n","protected":false},"author":1,"featured_media":0,"comment_status":"closed","ping_status":"open","sticky":false,"template":"","format":"standard","meta":[],"categories":[1],"tags":[],"_links":{"self":[{"href":"http:\/\/www.musicadeon.com\/index.php\/wp-json\/wp\/v2\/posts\/65"}],"collection":[{"href":"http:\/\/www.musicadeon.com\/index.php\/wp-json\/wp\/v2\/posts"}],"about":[{"href":"http:\/\/www.musicadeon.com\/index.php\/wp-json\/wp\/v2\/types\/post"}],"author":[{"embeddable":true,"href":"http:\/\/www.musicadeon.com\/index.php\/wp-json\/wp\/v2\/users\/1"}],"replies":[{"embeddable":true,"href":"http:\/\/www.musicadeon.com\/index.php\/wp-json\/wp\/v2\/comments?post=65"}],"version-history":[{"count":0,"href":"http:\/\/www.musicadeon.com\/index.php\/wp-json\/wp\/v2\/posts\/65\/revisions"}],"wp:attachment":[{"href":"http:\/\/www.musicadeon.com\/index.php\/wp-json\/wp\/v2\/media?parent=65"}],"wp:term":[{"taxonomy":"category","embeddable":true,"href":"http:\/\/www.musicadeon.com\/index.php\/wp-json\/wp\/v2\/categories?post=65"},{"taxonomy":"post_tag","embeddable":true,"href":"http:\/\/www.musicadeon.com\/index.php\/wp-json\/wp\/v2\/tags?post=65"}],"curies":[{"name":"wp","href":"https:\/\/api.w.org\/{rel}","templated":true}]}}