{"id":66,"date":"2001-12-28T01:00:00","date_gmt":"2001-12-28T00:00:00","guid":{"rendered":"http:\/\/www.musicadeon.com\/index.php\/2001\/12\/28\/a-vos-agendas-06-01-2002\/"},"modified":"2001-12-28T01:00:00","modified_gmt":"2001-12-28T00:00:00","slug":"a-vos-agendas-06-01-2002","status":"publish","type":"post","link":"http:\/\/www.musicadeon.com\/index.php\/2001\/12\/28\/a-vos-agendas-06-01-2002\/","title":{"rendered":"\u00c0 vos agendas (06-01-2002)"},"content":{"rendered":"<p>Le dimanche 6 janvier d\u00e9s 15H venez danser au del\u00e0 des fronti\u00e8res au dancing la Grande Chaumi\u00e8re a Bogny-sur-meuse en france.En compagnie de la princesse de l&rsquo;accord\u00e9oniste ERIKA et son ensemble a l&rsquo;occasion d&rsquo;un th\u00e9 dansant<\/p>\n","protected":false},"excerpt":{"rendered":"<p>Le dimanche 6 janvier d\u00e9s 15H venez danser au del\u00e0 des fronti\u00e8res au dancing la Grande Chaumi\u00e8re a Bogny-sur-meuse en france.En compagnie de la princesse&#8230;<\/p>\n","protected":false},"author":1,"featured_media":0,"comment_status":"closed","ping_status":"open","sticky":false,"template":"","format":"standard","meta":[],"categories":[1],"tags":[],"_links":{"self":[{"href":"http:\/\/www.musicadeon.com\/index.php\/wp-json\/wp\/v2\/posts\/66"}],"collection":[{"href":"http:\/\/www.musicadeon.com\/index.php\/wp-json\/wp\/v2\/posts"}],"about":[{"href":"http:\/\/www.musicadeon.com\/index.php\/wp-json\/wp\/v2\/types\/post"}],"author":[{"embeddable":true,"href":"http:\/\/www.musicadeon.com\/index.php\/wp-json\/wp\/v2\/users\/1"}],"replies":[{"embeddable":true,"href":"http:\/\/www.musicadeon.com\/index.php\/wp-json\/wp\/v2\/comments?post=66"}],"version-history":[{"count":0,"href":"http:\/\/www.musicadeon.com\/index.php\/wp-json\/wp\/v2\/posts\/66\/revisions"}],"wp:attachment":[{"href":"http:\/\/www.musicadeon.com\/index.php\/wp-json\/wp\/v2\/media?parent=66"}],"wp:term":[{"taxonomy":"category","embeddable":true,"href":"http:\/\/www.musicadeon.com\/index.php\/wp-json\/wp\/v2\/categories?post=66"},{"taxonomy":"post_tag","embeddable":true,"href":"http:\/\/www.musicadeon.com\/index.php\/wp-json\/wp\/v2\/tags?post=66"}],"curies":[{"name":"wp","href":"https:\/\/api.w.org\/{rel}","templated":true}]}}