{"id":663,"date":"2004-02-07T01:00:00","date_gmt":"2004-02-07T00:00:00","guid":{"rendered":"http:\/\/www.musicadeon.com\/index.php\/2004\/02\/07\/moise-en-concert-a-hastiere\/"},"modified":"2004-02-07T01:00:00","modified_gmt":"2004-02-07T00:00:00","slug":"moise-en-concert-a-hastiere","status":"publish","type":"post","link":"http:\/\/www.musicadeon.com\/index.php\/2004\/02\/07\/moise-en-concert-a-hastiere\/","title":{"rendered":"Moise en concert \u00e0 Hasti\u00e8re"},"content":{"rendered":"<p><P><B><I><FONT color=#ff00ff><FONT face=Arial><FONT size=7><\/FONT><\/FONT><\/FONT><FONT color=#ff00ff><FONT face=Arial size=4>MO\u00efSE sera en concert <\/FONT><\/FONT><\/I><\/B><\/P><P><FONT face=Arial><FONT color=#ff00ff size=4>Le 13 F\u00e9vrier \u00e0 21 H<\/FONT><\/FONT><\/P><DIV><FONT face=Arial color=#ff00ff><\/FONT><FONT size=4><\/FONT><FONT face=Arial color=#ff00ff size=4>Au grottes du Pont d&rsquo;Arcole \u00e0 HASTIERE ( Belgique)<\/FONT><\/DIV><DIV><FONT face=Arial color=#ff00ff><\/FONT><FONT size=4><\/FONT><\/DIV><DIV><FONT face=Arial color=#ff00ff size=4>organisation : Jazz club Sax<\/FONT><\/DIV><DIV><FONT face=Arial><FONT color=#ff00ff size=4>en collaboration avec le foyer culturel de Hasti\u00e8re<\/FONT><\/FONT><\/DIV><P><FONT size=4><\/FONT><\/P><P align=center><IMG src=\"\/A\/N\/D\/moise20040207.jpg\"> <\/P><\/p>\n","protected":false},"excerpt":{"rendered":"<p>MO\u00efSE sera en concert Le 13 F\u00e9vrier \u00e0 21 HAu grottes du Pont d&rsquo;Arcole \u00e0 HASTIERE ( Belgique)organisation : Jazz club Saxen collaboration avec le&#8230;<\/p>\n","protected":false},"author":1,"featured_media":0,"comment_status":"closed","ping_status":"open","sticky":false,"template":"","format":"standard","meta":[],"categories":[3],"tags":[5],"_links":{"self":[{"href":"http:\/\/www.musicadeon.com\/index.php\/wp-json\/wp\/v2\/posts\/663"}],"collection":[{"href":"http:\/\/www.musicadeon.com\/index.php\/wp-json\/wp\/v2\/posts"}],"about":[{"href":"http:\/\/www.musicadeon.com\/index.php\/wp-json\/wp\/v2\/types\/post"}],"author":[{"embeddable":true,"href":"http:\/\/www.musicadeon.com\/index.php\/wp-json\/wp\/v2\/users\/1"}],"replies":[{"embeddable":true,"href":"http:\/\/www.musicadeon.com\/index.php\/wp-json\/wp\/v2\/comments?post=663"}],"version-history":[{"count":0,"href":"http:\/\/www.musicadeon.com\/index.php\/wp-json\/wp\/v2\/posts\/663\/revisions"}],"wp:attachment":[{"href":"http:\/\/www.musicadeon.com\/index.php\/wp-json\/wp\/v2\/media?parent=663"}],"wp:term":[{"taxonomy":"category","embeddable":true,"href":"http:\/\/www.musicadeon.com\/index.php\/wp-json\/wp\/v2\/categories?post=663"},{"taxonomy":"post_tag","embeddable":true,"href":"http:\/\/www.musicadeon.com\/index.php\/wp-json\/wp\/v2\/tags?post=663"}],"curies":[{"name":"wp","href":"https:\/\/api.w.org\/{rel}","templated":true}]}}