{"id":67,"date":"2001-12-29T01:00:00","date_gmt":"2001-12-29T00:00:00","guid":{"rendered":"http:\/\/www.musicadeon.com\/index.php\/2001\/12\/29\/a-vos-agendas-06-01-2002-2\/"},"modified":"2001-12-29T01:00:00","modified_gmt":"2001-12-29T00:00:00","slug":"a-vos-agendas-06-01-2002-2","status":"publish","type":"post","link":"http:\/\/www.musicadeon.com\/index.php\/2001\/12\/29\/a-vos-agendas-06-01-2002-2\/","title":{"rendered":"\u00c0 vos agendas (06-01-2002)"},"content":{"rendered":"<p>Dimanche 6 janvier d\u00e9s 16h30 retrouver Guy Tillieux a l&rsquo;accord\u00e9on au dancing les quatres vents a philippeville (belgique)rensiegnement:t\u00e9l 0032\/(0)71.79.88.99.<\/p>\n","protected":false},"excerpt":{"rendered":"<p>Dimanche 6 janvier d\u00e9s 16h30 retrouver Guy Tillieux a l&rsquo;accord\u00e9on au dancing les quatres vents a philippeville (belgique)rensiegnement:t\u00e9l 0032\/(0)71.79.88.99.<\/p>\n","protected":false},"author":1,"featured_media":0,"comment_status":"closed","ping_status":"open","sticky":false,"template":"","format":"standard","meta":[],"categories":[1],"tags":[],"_links":{"self":[{"href":"http:\/\/www.musicadeon.com\/index.php\/wp-json\/wp\/v2\/posts\/67"}],"collection":[{"href":"http:\/\/www.musicadeon.com\/index.php\/wp-json\/wp\/v2\/posts"}],"about":[{"href":"http:\/\/www.musicadeon.com\/index.php\/wp-json\/wp\/v2\/types\/post"}],"author":[{"embeddable":true,"href":"http:\/\/www.musicadeon.com\/index.php\/wp-json\/wp\/v2\/users\/1"}],"replies":[{"embeddable":true,"href":"http:\/\/www.musicadeon.com\/index.php\/wp-json\/wp\/v2\/comments?post=67"}],"version-history":[{"count":0,"href":"http:\/\/www.musicadeon.com\/index.php\/wp-json\/wp\/v2\/posts\/67\/revisions"}],"wp:attachment":[{"href":"http:\/\/www.musicadeon.com\/index.php\/wp-json\/wp\/v2\/media?parent=67"}],"wp:term":[{"taxonomy":"category","embeddable":true,"href":"http:\/\/www.musicadeon.com\/index.php\/wp-json\/wp\/v2\/categories?post=67"},{"taxonomy":"post_tag","embeddable":true,"href":"http:\/\/www.musicadeon.com\/index.php\/wp-json\/wp\/v2\/tags?post=67"}],"curies":[{"name":"wp","href":"https:\/\/api.w.org\/{rel}","templated":true}]}}